{"id":7303,"date":"2020-10-26T00:25:46","date_gmt":"2020-10-25T23:25:46","guid":{"rendered":"http:\/\/www.blogsmenesiano.com\/abrirlosoidosdelcorazon\/?p=7303"},"modified":"2020-10-18T19:30:27","modified_gmt":"2020-10-18T18:30:27","slug":"gracias-jesus-por-habernos-dado-a-juan-maria","status":"publish","type":"post","link":"http:\/\/www.blogsmenesiano.com\/abrirlosoidosdelcorazon\/2020\/10\/26\/gracias-jesus-por-habernos-dado-a-juan-maria\/","title":{"rendered":"Gracias, Jes\u00fas, por habernos dado a Juan Mar\u00eda"},"content":{"rendered":"<p><strong>El d\u00eda 26 de cada mes recordamos a Juan Mar\u00eda de la Mennais.<\/strong><\/p>\n<p><iframe loading=\"lazy\" title=\"Juan Mar\u00eda infancia\" width=\"676\" height=\"380\" src=\"https:\/\/www.youtube.com\/embed\/zsabKQOw1_4?feature=oembed\" frameborder=\"0\" allow=\"accelerometer; autoplay; clipboard-write; encrypted-media; gyroscope; picture-in-picture\" allowfullscreen><\/iframe><\/p>\n<p><strong>Oraci\u00f3n a Juan Mar\u00eda<br \/>\n<\/strong>Jes\u00fas, a ti que eres el gran amigo de los ni\u00f1os<br \/>\nqueremos pedirte por Juan Mar\u00eda,<br \/>\nque tambi\u00e9n quer\u00eda mucho a los ni\u00f1os.<\/p>\n<p>Por ellos fund\u00f3 a los Hermanos Menesianos<br \/>\npara que te conozcamos y te amemos a ti, Jes\u00fas,<br \/>\nen el colegio y jugando, en la amistad y en la oraci\u00f3n.<\/p>\n<p>Jes\u00fas, nosotros queremos mucho a Juan Mar\u00eda<br \/>\nporque es como un padre para nosotros,<br \/>\nbueno y sabio.<\/p>\n<p>Te pedimos que Juan Mar\u00eda pronto sea santo<br \/>\npara poder rezarle y pedirle que nos cuide y acompa\u00f1e,<br \/>\nque nos proteja desde el cielo,<br \/>\ny, sobre todo, para que su vida sea una invitaci\u00f3n<br \/>\na que nosotros tambi\u00e9n seamos santos.<\/p>\n<p>Gracias, Jes\u00fas, por habernos dado a Juan Mar\u00eda.<\/p>\n","protected":false},"excerpt":{"rendered":"<p>El d\u00eda 26 de cada mes recordamos a Juan Mar\u00eda de la Mennais. Oraci\u00f3n a Juan Mar\u00eda Jes\u00fas, a ti que eres el gran amigo de los ni\u00f1os queremos pedirte por Juan Mar\u00eda, que tambi\u00e9n quer\u00eda mucho a los ni\u00f1os. Por ellos fund\u00f3 a los Hermanos Menesianos para que te conozcamos y te amemos a &hellip; <a href=\"http:\/\/www.blogsmenesiano.com\/abrirlosoidosdelcorazon\/2020\/10\/26\/gracias-jesus-por-habernos-dado-a-juan-maria\/\" class=\"more-link\">Sigue leyendo <span class=\"screen-reader-text\">Gracias, Jes\u00fas, por habernos dado a Juan Mar\u00eda<\/span><\/a><\/p>\n","protected":false},"author":60,"featured_media":0,"comment_status":"open","ping_status":"open","sticky":false,"template":"","format":"standard","meta":{"jetpack_publicize_message":"","jetpack_is_tweetstorm":false,"jetpack_publicize_feature_enabled":true},"categories":[1],"tags":[],"jetpack_publicize_connections":[],"jetpack_featured_media_url":"","_links":{"self":[{"href":"http:\/\/www.blogsmenesiano.com\/abrirlosoidosdelcorazon\/wp-json\/wp\/v2\/posts\/7303"}],"collection":[{"href":"http:\/\/www.blogsmenesiano.com\/abrirlosoidosdelcorazon\/wp-json\/wp\/v2\/posts"}],"about":[{"href":"http:\/\/www.blogsmenesiano.com\/abrirlosoidosdelcorazon\/wp-json\/wp\/v2\/types\/post"}],"author":[{"embeddable":true,"href":"http:\/\/www.blogsmenesiano.com\/abrirlosoidosdelcorazon\/wp-json\/wp\/v2\/users\/60"}],"replies":[{"embeddable":true,"href":"http:\/\/www.blogsmenesiano.com\/abrirlosoidosdelcorazon\/wp-json\/wp\/v2\/comments?post=7303"}],"version-history":[{"count":1,"href":"http:\/\/www.blogsmenesiano.com\/abrirlosoidosdelcorazon\/wp-json\/wp\/v2\/posts\/7303\/revisions"}],"predecessor-version":[{"id":7304,"href":"http:\/\/www.blogsmenesiano.com\/abrirlosoidosdelcorazon\/wp-json\/wp\/v2\/posts\/7303\/revisions\/7304"}],"wp:attachment":[{"href":"http:\/\/www.blogsmenesiano.com\/abrirlosoidosdelcorazon\/wp-json\/wp\/v2\/media?parent=7303"}],"wp:term":[{"taxonomy":"category","embeddable":true,"href":"http:\/\/www.blogsmenesiano.com\/abrirlosoidosdelcorazon\/wp-json\/wp\/v2\/categories?post=7303"},{"taxonomy":"post_tag","embeddable":true,"href":"http:\/\/www.blogsmenesiano.com\/abrirlosoidosdelcorazon\/wp-json\/wp\/v2\/tags?post=7303"}],"curies":[{"name":"wp","href":"https:\/\/api.w.org\/{rel}","templated":true}]}}