{"id":7306,"date":"2020-10-27T00:13:20","date_gmt":"2020-10-26T23:13:20","guid":{"rendered":"http:\/\/www.blogsmenesiano.com\/abrirlosoidosdelcorazon\/?p=7306"},"modified":"2020-10-18T21:27:20","modified_gmt":"2020-10-18T20:27:20","slug":"el-santo-de-la-semana-jeronimo-hermosilla","status":"publish","type":"post","link":"http:\/\/www.blogsmenesiano.com\/abrirlosoidosdelcorazon\/2020\/10\/27\/el-santo-de-la-semana-jeronimo-hermosilla\/","title":{"rendered":"El Santo de la Semana: Jer\u00f3nimo Hermosilla"},"content":{"rendered":"<h3><span style=\"color: #0000ff\"><strong><img loading=\"lazy\" class=\"\" src=\"http:\/\/www.blogsmenesiano.com\/abrirlosoidosdelcorazon\/wp-content\/uploads\/sites\/27\/2020\/10\/Jeronimo-Hermosilla.jpg\" width=\"213\" height=\"206\" \/><br \/>\n1-3 Primaria<\/strong><\/span><\/h3>\n<p><strong>\u00a0<\/strong><strong>ORACI\u00d3N<\/strong><\/p>\n<p>Padre bueno<br \/>\nHoy te pedimos por los cristianos que son perseguidos,<br \/>\ncomo Jer\u00f3nimo, que naci\u00f3 en Santo Domingo de la Calzada<br \/>\ny fue a anunciar el Evangelio muy lejos,<br \/>\na un lugar cerca de China que se llama Vietnam.<br \/>\nAll\u00ed lo mataron por ser amigo de Jes\u00fas,<br \/>\npor eso es m\u00e1rtir y santo.<\/p>\n<p>Cuida Padre bueno a los cristianos perseguidos,<br \/>\ndales tu fuerza. Am\u00e9n.<\/p>\n<h3><span style=\"color: #ff0000\"><strong>4-6 Primaria<\/strong><\/span><\/h3>\n<p>Jer\u00f3nimo Hermosilla naci\u00f3 en Santo Domingo de la Calzada (Rioja) el 30 de septiembre del 1800.<br \/>\nCon 19 a\u00f1os ingresa en el convento de Dominicos en Valencia. Poco despu\u00e9s decide ser misionero. Tras su formaci\u00f3n en Filipinas va a Tonkin (el actual Vietnam) en 1829.<br \/>\nEn esa \u00e9poca los cristianos son muy perseguidos.<br \/>\nJer\u00f3nimo fue ordenado obispo y, cuando muchos misioneros dejaron Vietnam por temor a ser asesinados por su fe, \u00e9l continu\u00f3 acompa\u00f1ando y animando a los cristianos.<br \/>\nCuando las persecuciones eran grandes dec\u00eda con pena y humor: \u201cMe paso la vida encerrado, sin poder ense\u00f1ar las barbas\u201d.<br \/>\nAl recibir a tres sacerdotes en su di\u00f3cesis les dice: \u201cHermanos, sed bienvenidos a esta misi\u00f3n, peligrosa pero necesaria para Dios\u201d.<br \/>\nEn 1861 fue apresado y martirizado.<br \/>\nJuan Pablo II lo hizo santo en 1988. Su fiesta se celebra el 24 de noviembre, junto con los dem\u00e1s compa\u00f1eros m\u00e1rtires en Vietnam.<\/p>\n","protected":false},"excerpt":{"rendered":"<p>1-3 Primaria \u00a0ORACI\u00d3N Padre bueno Hoy te pedimos por los cristianos que son perseguidos, como Jer\u00f3nimo, que naci\u00f3 en Santo Domingo de la Calzada y fue a anunciar el Evangelio muy lejos, a un lugar cerca de China que se llama Vietnam. All\u00ed lo mataron por ser amigo de Jes\u00fas, por eso es m\u00e1rtir y &hellip; <a href=\"http:\/\/www.blogsmenesiano.com\/abrirlosoidosdelcorazon\/2020\/10\/27\/el-santo-de-la-semana-jeronimo-hermosilla\/\" class=\"more-link\">Sigue leyendo <span class=\"screen-reader-text\">El Santo de la Semana: Jer\u00f3nimo Hermosilla<\/span><\/a><\/p>\n","protected":false},"author":60,"featured_media":0,"comment_status":"open","ping_status":"open","sticky":false,"template":"","format":"standard","meta":{"jetpack_publicize_message":"","jetpack_is_tweetstorm":false,"jetpack_publicize_feature_enabled":true},"categories":[1],"tags":[],"jetpack_publicize_connections":[],"jetpack_featured_media_url":"","_links":{"self":[{"href":"http:\/\/www.blogsmenesiano.com\/abrirlosoidosdelcorazon\/wp-json\/wp\/v2\/posts\/7306"}],"collection":[{"href":"http:\/\/www.blogsmenesiano.com\/abrirlosoidosdelcorazon\/wp-json\/wp\/v2\/posts"}],"about":[{"href":"http:\/\/www.blogsmenesiano.com\/abrirlosoidosdelcorazon\/wp-json\/wp\/v2\/types\/post"}],"author":[{"embeddable":true,"href":"http:\/\/www.blogsmenesiano.com\/abrirlosoidosdelcorazon\/wp-json\/wp\/v2\/users\/60"}],"replies":[{"embeddable":true,"href":"http:\/\/www.blogsmenesiano.com\/abrirlosoidosdelcorazon\/wp-json\/wp\/v2\/comments?post=7306"}],"version-history":[{"count":2,"href":"http:\/\/www.blogsmenesiano.com\/abrirlosoidosdelcorazon\/wp-json\/wp\/v2\/posts\/7306\/revisions"}],"predecessor-version":[{"id":7314,"href":"http:\/\/www.blogsmenesiano.com\/abrirlosoidosdelcorazon\/wp-json\/wp\/v2\/posts\/7306\/revisions\/7314"}],"wp:attachment":[{"href":"http:\/\/www.blogsmenesiano.com\/abrirlosoidosdelcorazon\/wp-json\/wp\/v2\/media?parent=7306"}],"wp:term":[{"taxonomy":"category","embeddable":true,"href":"http:\/\/www.blogsmenesiano.com\/abrirlosoidosdelcorazon\/wp-json\/wp\/v2\/categories?post=7306"},{"taxonomy":"post_tag","embeddable":true,"href":"http:\/\/www.blogsmenesiano.com\/abrirlosoidosdelcorazon\/wp-json\/wp\/v2\/tags?post=7306"}],"curies":[{"name":"wp","href":"https:\/\/api.w.org\/{rel}","templated":true}]}}