{"id":8259,"date":"2022-06-10T00:49:50","date_gmt":"2022-06-09T23:49:50","guid":{"rendered":"http:\/\/www.blogsmenesiano.com\/abrirlosoidosdelcorazon\/?p=8259"},"modified":"2022-06-04T10:53:40","modified_gmt":"2022-06-04T09:53:40","slug":"dios-es-familia-3","status":"publish","type":"post","link":"http:\/\/www.blogsmenesiano.com\/abrirlosoidosdelcorazon\/2022\/06\/10\/dios-es-familia-3\/","title":{"rendered":"Dios es Familia"},"content":{"rendered":"<p>El domingo celebramos la fiesta de la Sant\u00edsima Trinidad.<br \/>\nCelebramos que Dios es Familia\u2026<br \/>\nUna familia formada por Dios Padre, por el Hijo (Jes\u00fas) y por el Esp\u00edritu Santo (que anima la vida de cada uno de nosotros y de toda la Iglesia).<br \/>\nUna Familia que est\u00e1 unida por el AMOR, como cada una de nuestras familias\u2026<\/p>\n<p><strong>GLORIA:<br \/>\n<em>Gloria al Padre, al Hijo<br \/>\ny al Esp\u00edritu Santo.<br \/>\nComo era en el principio,<br \/>\nahora y siempre,<br \/>\npor los siglos de los siglos. Am\u00e9n.<\/em><\/strong><\/p>\n<h3><span style=\"color: #0000ff\"><strong>1-3 Primaria<\/strong><\/span><\/h3>\n<p>https:\/\/www.youtube.com\/watch?v=mPrwBDNkPks<\/p>\n<h3><span style=\"color: #ff0000\"><strong>\u00a0<\/strong><strong>4-6 Primaria<\/strong><\/span><\/h3>\n<p><iframe loading=\"lazy\" title=\"2018-08-13 La familia, un reflejo de la Trinidad\" width=\"676\" height=\"380\" src=\"https:\/\/www.youtube.com\/embed\/ABGipEizT3I?feature=oembed\" frameborder=\"0\" allow=\"accelerometer; autoplay; clipboard-write; encrypted-media; gyroscope; picture-in-picture\" allowfullscreen><\/iframe><\/p>\n","protected":false},"excerpt":{"rendered":"<p>El domingo celebramos la fiesta de la Sant\u00edsima Trinidad. Celebramos que Dios es Familia\u2026 Una familia formada por Dios Padre, por el Hijo (Jes\u00fas) y por el Esp\u00edritu Santo (que anima la vida de cada uno de nosotros y de toda la Iglesia). Una Familia que est\u00e1 unida por el AMOR, como cada una de &hellip; <a href=\"http:\/\/www.blogsmenesiano.com\/abrirlosoidosdelcorazon\/2022\/06\/10\/dios-es-familia-3\/\" class=\"more-link\">Sigue leyendo <span class=\"screen-reader-text\">Dios es Familia<\/span><\/a><\/p>\n","protected":false},"author":60,"featured_media":0,"comment_status":"open","ping_status":"open","sticky":false,"template":"","format":"standard","meta":{"jetpack_publicize_message":"","jetpack_is_tweetstorm":false,"jetpack_publicize_feature_enabled":true},"categories":[1],"tags":[],"jetpack_publicize_connections":[],"jetpack_featured_media_url":"","_links":{"self":[{"href":"http:\/\/www.blogsmenesiano.com\/abrirlosoidosdelcorazon\/wp-json\/wp\/v2\/posts\/8259"}],"collection":[{"href":"http:\/\/www.blogsmenesiano.com\/abrirlosoidosdelcorazon\/wp-json\/wp\/v2\/posts"}],"about":[{"href":"http:\/\/www.blogsmenesiano.com\/abrirlosoidosdelcorazon\/wp-json\/wp\/v2\/types\/post"}],"author":[{"embeddable":true,"href":"http:\/\/www.blogsmenesiano.com\/abrirlosoidosdelcorazon\/wp-json\/wp\/v2\/users\/60"}],"replies":[{"embeddable":true,"href":"http:\/\/www.blogsmenesiano.com\/abrirlosoidosdelcorazon\/wp-json\/wp\/v2\/comments?post=8259"}],"version-history":[{"count":1,"href":"http:\/\/www.blogsmenesiano.com\/abrirlosoidosdelcorazon\/wp-json\/wp\/v2\/posts\/8259\/revisions"}],"predecessor-version":[{"id":8260,"href":"http:\/\/www.blogsmenesiano.com\/abrirlosoidosdelcorazon\/wp-json\/wp\/v2\/posts\/8259\/revisions\/8260"}],"wp:attachment":[{"href":"http:\/\/www.blogsmenesiano.com\/abrirlosoidosdelcorazon\/wp-json\/wp\/v2\/media?parent=8259"}],"wp:term":[{"taxonomy":"category","embeddable":true,"href":"http:\/\/www.blogsmenesiano.com\/abrirlosoidosdelcorazon\/wp-json\/wp\/v2\/categories?post=8259"},{"taxonomy":"post_tag","embeddable":true,"href":"http:\/\/www.blogsmenesiano.com\/abrirlosoidosdelcorazon\/wp-json\/wp\/v2\/tags?post=8259"}],"curies":[{"name":"wp","href":"https:\/\/api.w.org\/{rel}","templated":true}]}}