{"id":8466,"date":"2022-12-14T00:24:46","date_gmt":"2022-12-13T23:24:46","guid":{"rendered":"http:\/\/www.blogsmenesiano.com\/abrirlosoidosdelcorazon\/?p=8466"},"modified":"2022-12-13T21:27:11","modified_gmt":"2022-12-13T20:27:11","slug":"los-primeros-hermanos-menesianos","status":"publish","type":"post","link":"http:\/\/www.blogsmenesiano.com\/abrirlosoidosdelcorazon\/2022\/12\/14\/los-primeros-hermanos-menesianos\/","title":{"rendered":"Los primeros Hermanos Menesianos"},"content":{"rendered":"<p>Los alumnos de 4 B de San Jos\u00e9 de Reinosa nos presentan uno de los cap\u00edtulos de teatro sobre Juan Mar\u00eda de la Mennais que representaron en la Semana Menesiana.<br \/>\nEs la llamada a los primeros j\u00f3venes para ser Hermanos.<\/p>\n<p><iframe loading=\"lazy\" title=\"M\u00c1XIMA VOCACIONAL 14 DIC\" width=\"676\" height=\"380\" src=\"https:\/\/www.youtube.com\/embed\/46ShrhRIx_s?feature=oembed\" frameborder=\"0\" allow=\"accelerometer; autoplay; clipboard-write; encrypted-media; gyroscope; picture-in-picture\" allowfullscreen><\/iframe><\/p>\n<p>&nbsp;<\/p>\n<p>&nbsp;<\/p>\n","protected":false},"excerpt":{"rendered":"<p>Los alumnos de 4 B de San Jos\u00e9 de Reinosa nos presentan uno de los cap\u00edtulos de teatro sobre Juan Mar\u00eda de la Mennais que representaron en la Semana Menesiana. Es la llamada a los primeros j\u00f3venes para ser Hermanos. &nbsp; &nbsp;<\/p>\n","protected":false},"author":60,"featured_media":0,"comment_status":"open","ping_status":"open","sticky":false,"template":"","format":"standard","meta":{"jetpack_publicize_message":"","jetpack_is_tweetstorm":false,"jetpack_publicize_feature_enabled":true},"categories":[1],"tags":[],"jetpack_publicize_connections":[],"jetpack_featured_media_url":"","_links":{"self":[{"href":"http:\/\/www.blogsmenesiano.com\/abrirlosoidosdelcorazon\/wp-json\/wp\/v2\/posts\/8466"}],"collection":[{"href":"http:\/\/www.blogsmenesiano.com\/abrirlosoidosdelcorazon\/wp-json\/wp\/v2\/posts"}],"about":[{"href":"http:\/\/www.blogsmenesiano.com\/abrirlosoidosdelcorazon\/wp-json\/wp\/v2\/types\/post"}],"author":[{"embeddable":true,"href":"http:\/\/www.blogsmenesiano.com\/abrirlosoidosdelcorazon\/wp-json\/wp\/v2\/users\/60"}],"replies":[{"embeddable":true,"href":"http:\/\/www.blogsmenesiano.com\/abrirlosoidosdelcorazon\/wp-json\/wp\/v2\/comments?post=8466"}],"version-history":[{"count":1,"href":"http:\/\/www.blogsmenesiano.com\/abrirlosoidosdelcorazon\/wp-json\/wp\/v2\/posts\/8466\/revisions"}],"predecessor-version":[{"id":8467,"href":"http:\/\/www.blogsmenesiano.com\/abrirlosoidosdelcorazon\/wp-json\/wp\/v2\/posts\/8466\/revisions\/8467"}],"wp:attachment":[{"href":"http:\/\/www.blogsmenesiano.com\/abrirlosoidosdelcorazon\/wp-json\/wp\/v2\/media?parent=8466"}],"wp:term":[{"taxonomy":"category","embeddable":true,"href":"http:\/\/www.blogsmenesiano.com\/abrirlosoidosdelcorazon\/wp-json\/wp\/v2\/categories?post=8466"},{"taxonomy":"post_tag","embeddable":true,"href":"http:\/\/www.blogsmenesiano.com\/abrirlosoidosdelcorazon\/wp-json\/wp\/v2\/tags?post=8466"}],"curies":[{"name":"wp","href":"https:\/\/api.w.org\/{rel}","templated":true}]}}