{"id":410,"date":"2015-05-12T17:06:57","date_gmt":"2015-05-12T17:06:57","guid":{"rendered":"http:\/\/www.blogsmenesiano.com\/matematicas1eso\/?p=410"},"modified":"2015-05-12T17:06:57","modified_gmt":"2015-05-12T17:06:57","slug":"un-cumpleanos-de-logica","status":"publish","type":"post","link":"http:\/\/www.blogsmenesiano.com\/matematicas1eso\/2015\/05\/12\/un-cumpleanos-de-logica\/","title":{"rendered":"Un cumplea\u00f1os de l\u00f3gica"},"content":{"rendered":"<p>Albert y Bernard se acaban de hacer amigos de Cheryl y quieren saber cu\u00e1ndo es el d\u00eda de su cumplea\u00f1os. Cheryl les da una lista de 10 posibles d\u00edas:<\/p>\n<p>15 de mayo\u00a0\u00a0\u00a0\u00a0\u00a0\u00a0\u00a0 16 de mayo\u00a0\u00a0\u00a0\u00a0\u00a0\u00a0\u00a0 19 de mayo<\/p>\n<p>17 de junio\u00a0\u00a0\u00a0\u00a0\u00a0\u00a0\u00a0\u00a0 18 de junio<\/p>\n<p>14 de julio\u00a0\u00a0\u00a0\u00a0\u00a0\u00a0\u00a0\u00a0\u00a0\u00a0 16 de julio<\/p>\n<p>14 de agosto\u00a0\u00a0\u00a0\u00a0\u00a0 15 de agosto\u00a0\u00a0\u00a0\u00a0\u00a0 17 de agosto<\/p>\n<p>Cheryl entonces les dice a Albert y Bernard por separado el mes y el d\u00eda de su cumplea\u00f1os, respectivamente. A continuaci\u00f3n se da el siguiente di\u00e1logo entre ellos.<\/p>\n<p>Albert:\u00a0 \u00a0\u00a0 No s\u00e9 cu\u00e1ndo es el cumplea\u00f1os de Cheryl, pero s\u00e9 que Bernard tampoco lo sabe.<\/p>\n<p>Bernard:\u00a0\u00a0 Al principio no sab\u00eda cu\u00e1ndo era el cumplea\u00f1os de Cheryl, pero ahora lo s\u00e9.<\/p>\n<p>Albert:\u00a0\u00a0\u00a0\u00a0 Entonces yo tambi\u00e9n s\u00e9 cu\u00e1ndo es el cumplea\u00f1os de Cheryl.<\/p>\n<p>\u00bfCu\u00e1l es el cumplea\u00f1os de Cheryl?<\/p>\n","protected":false},"excerpt":{"rendered":"<p>Albert y Bernard se acaban de hacer amigos de Cheryl y quieren saber cu\u00e1ndo es el d\u00eda de su cumplea\u00f1os. Cheryl les da una lista de 10 posibles d\u00edas: 15 de mayo\u00a0\u00a0\u00a0\u00a0\u00a0\u00a0\u00a0 16 de mayo\u00a0\u00a0\u00a0\u00a0\u00a0\u00a0\u00a0 19 de mayo 17 de junio\u00a0\u00a0\u00a0\u00a0\u00a0\u00a0\u00a0\u00a0 18 de junio 14 de julio\u00a0\u00a0\u00a0\u00a0\u00a0\u00a0\u00a0\u00a0\u00a0\u00a0 16 de julio 14 de agosto\u00a0\u00a0\u00a0\u00a0\u00a0 15 de &#8230;<\/p>\n","protected":false},"author":18,"featured_media":411,"comment_status":"closed","ping_status":"open","sticky":false,"template":"","format":"image","meta":[],"categories":[2],"tags":[],"jetpack_featured_media_url":"http:\/\/www.blogsmenesiano.com\/matematicas1eso\/wp-content\/uploads\/sites\/10\/2015\/05\/velas.jpg","_links":{"self":[{"href":"http:\/\/www.blogsmenesiano.com\/matematicas1eso\/wp-json\/wp\/v2\/posts\/410"}],"collection":[{"href":"http:\/\/www.blogsmenesiano.com\/matematicas1eso\/wp-json\/wp\/v2\/posts"}],"about":[{"href":"http:\/\/www.blogsmenesiano.com\/matematicas1eso\/wp-json\/wp\/v2\/types\/post"}],"author":[{"embeddable":true,"href":"http:\/\/www.blogsmenesiano.com\/matematicas1eso\/wp-json\/wp\/v2\/users\/18"}],"replies":[{"embeddable":true,"href":"http:\/\/www.blogsmenesiano.com\/matematicas1eso\/wp-json\/wp\/v2\/comments?post=410"}],"version-history":[{"count":1,"href":"http:\/\/www.blogsmenesiano.com\/matematicas1eso\/wp-json\/wp\/v2\/posts\/410\/revisions"}],"predecessor-version":[{"id":412,"href":"http:\/\/www.blogsmenesiano.com\/matematicas1eso\/wp-json\/wp\/v2\/posts\/410\/revisions\/412"}],"wp:featuredmedia":[{"embeddable":true,"href":"http:\/\/www.blogsmenesiano.com\/matematicas1eso\/wp-json\/wp\/v2\/media\/411"}],"wp:attachment":[{"href":"http:\/\/www.blogsmenesiano.com\/matematicas1eso\/wp-json\/wp\/v2\/media?parent=410"}],"wp:term":[{"taxonomy":"category","embeddable":true,"href":"http:\/\/www.blogsmenesiano.com\/matematicas1eso\/wp-json\/wp\/v2\/categories?post=410"},{"taxonomy":"post_tag","embeddable":true,"href":"http:\/\/www.blogsmenesiano.com\/matematicas1eso\/wp-json\/wp\/v2\/tags?post=410"}],"curies":[{"name":"wp","href":"https:\/\/api.w.org\/{rel}","templated":true}]}}