{"id":1477,"date":"2016-09-28T00:01:40","date_gmt":"2016-09-28T00:01:40","guid":{"rendered":"http:\/\/www.blogsmenesiano.com\/nolamaitezaituenjakingobazenu\/?p=1477"},"modified":"2016-09-20T12:32:23","modified_gmt":"2016-09-20T12:32:23","slug":"denbora-aurrera-joanagatik-ere-nire-maiatasun-egarria-amaiezina-da","status":"publish","type":"post","link":"http:\/\/www.blogsmenesiano.com\/nolamaitezaituenjakingobazenu\/2016\/09\/28\/denbora-aurrera-joanagatik-ere-nire-maiatasun-egarria-amaiezina-da\/","title":{"rendered":"Denbora aurrera joanagatik ere, nire maiatasun-egarria amaiezina da"},"content":{"rendered":"<p lang=\"eu\">Madrileko ikasle batek proposaturiko bideoa.<\/p>\n<div class=\"jetpack-video-wrapper\"><span class=\"embed-youtube\" style=\"text-align:center; display: block;\"><iframe loading=\"lazy\" class=\"youtube-player\" width=\"676\" height=\"381\" src=\"https:\/\/www.youtube.com\/embed\/gzWB9-8_4Ro?version=3&#038;rel=1&#038;showsearch=0&#038;showinfo=1&#038;iv_load_policy=1&#038;fs=1&#038;hl=es-ES&#038;autohide=2&#038;wmode=transparent\" allowfullscreen=\"true\" style=\"border:0;\" sandbox=\"allow-scripts allow-same-origin allow-popups allow-presentation\"><\/iframe><\/span><\/div>\n<p>&nbsp;<\/p>\n<p>Canci\u00f3n de Oto\u00f1o en Primavera<\/p>\n<p>Juventud, divino tesoro,<br \/>\n\u00a1ya te vas para no volver!<br \/>\nCuando quiero llorar, no lloro\u2026<br \/>\ny a veces lloro sin querer\u2026<\/p>\n<p>Plural ha sido la celeste<br \/>\nhistoria de mi coraz\u00f3n.<br \/>\nEra una dulce ni\u00f1a, en este<br \/>\nmundo de duelo y de aflicci\u00f3n.<\/p>\n<p>Miraba como el alba pura;<br \/>\nsonre\u00eda como una flor.<br \/>\nEra su cabellera obscura<br \/>\nhecha de noche y de dolor.<\/p>\n<p>Yo era t\u00edmido como un ni\u00f1o.<br \/>\nElla, naturalmente, fue,<br \/>\npara mi amor hecho de armi\u00f1o,<br \/>\nHerod\u00edas y Salom\u00e9\u2026<\/p>\n<p>Juventud, divino tesoro,<br \/>\n\u00a1ya te vas para no volver!<br \/>\nCuando quiero llorar, no lloro\u2026<br \/>\ny a veces lloro sin querer\u2026<\/p>\n<p>Y m\u00e1s consoladora y m\u00e1s<br \/>\nhalagadora y expresiva,<br \/>\nla otra fue m\u00e1s sensitiva<br \/>\ncual no pens\u00e9 encontrar jam\u00e1s.<\/p>\n<p>Pues a su continua ternura<br \/>\nuna pasi\u00f3n violenta un\u00eda.<br \/>\nEn un peplo de gasa pura<br \/>\nuna bacante se envolv\u00eda\u2026<\/p>\n<p>En sus brazos tom\u00f3 mi ensue\u00f1o<br \/>\ny lo arrull\u00f3 como a un beb\u00e9\u2026<br \/>\nY te mat\u00f3, triste y peque\u00f1o,<br \/>\nfalto de luz, falto de fe\u2026<\/p>\n<p>Juventud, divino tesoro,<br \/>\n\u00a1te fuiste para no volver!<br \/>\nCuando quiero llorar, no lloro\u2026<br \/>\ny a veces lloro sin querer\u2026<\/p>\n<p>Otra juzg\u00f3 que era mi boca<br \/>\nel estuche de su pasi\u00f3n;<br \/>\ny que me roer\u00eda, loca,<br \/>\ncon sus dientes el coraz\u00f3n.<\/p>\n<p>Poniendo en un amor de exceso<br \/>\nla mira de su voluntad,<br \/>\nmientras eran abrazo y beso<br \/>\ns\u00edntesis de la eternidad;<\/p>\n<p>y de nuestra carne ligera<br \/>\nimaginar siempre un Ed\u00e9n,<br \/>\nsin pensar que la Primavera<br \/>\ny la carne acaban tambi\u00e9n\u2026<\/p>\n<p>Juventud, divino tesoro,<br \/>\n\u00a1ya te vas para no volver!<br \/>\nCuando quiero llorar, no lloro\u2026<br \/>\ny a veces lloro sin querer.<\/p>\n<p>\u00a1Y las dem\u00e1s! En tantos climas,<br \/>\nen tantas tierras siempre son,<br \/>\nsi no pretextos de mis rimas<br \/>\nfantasmas de mi coraz\u00f3n.<\/p>\n<p>En vano busqu\u00e9 a la princesa<br \/>\nque estaba triste de esperar.<br \/>\nLa vida es dura. Amarga y pesa.<br \/>\n\u00a1Ya no hay princesa que cantar!<\/p>\n<p>Mas a pesar del tiempo terco,<br \/>\nmi sed de amor no tiene fin;<br \/>\ncon el cabello gris, me acerco<br \/>\na los rosales del jard\u00edn\u2026<\/p>\n<p>Juventud, divino tesoro,<br \/>\n\u00a1ya te vas para no volver!<br \/>\nCuando quiero llorar, no lloro\u2026<br \/>\ny a veces lloro sin querer\u2026<br \/>\n\u00a1Mas es m\u00eda el Alba de oro!<\/p>\n<div style=\"padding-bottom:20px; padding-top:10px;\" class=\"hupso-share-buttons\"><!-- Hupso Share Buttons - https:\/\/www.hupso.com\/share\/ --><a class=\"hupso_pop\" href=\"https:\/\/www.hupso.com\/share\/\"><img src=\"http:\/\/static.hupso.com\/share\/buttons\/button100x23.png\" style=\"border:0px; width:100; height: 23; \" alt=\"Share Button\" \/><\/a><script type=\"text\/javascript\">var hupso_services=new Array(\"Twitter\",\"Facebook\",\"Linkedin\",\"StumbleUpon\",\"Reddit\",\"Print\");var hupso_icon_type = \"labels\";var hupso_background=\"#EAF4FF\";var hupso_border=\"#66CCFF\";var hupso_image_folder_url = \"\";var hupso_url=\"\";var hupso_title=\"Denbora%20aurrera%20joanagatik%20ere%2C%20nire%20maiatasun-egarria%20amaiezina%20da\";<\/script><script type=\"text\/javascript\" src=\"http:\/\/static.hupso.com\/share\/js\/share.js\"><\/script><!-- Hupso Share Buttons --><\/div>","protected":false},"excerpt":{"rendered":"<p>Madrileko ikasle batek proposaturiko bideoa. &nbsp; Canci\u00f3n de Oto\u00f1o en Primavera Juventud, divino tesoro, \u00a1ya te vas para no volver! Cuando quiero llorar, no lloro\u2026 y a veces lloro sin querer\u2026 Plural ha sido la celeste historia de mi coraz\u00f3n. Era una dulce ni\u00f1a, en este mundo de duelo y de aflicci\u00f3n. Miraba como el &hellip; <a href=\"http:\/\/www.blogsmenesiano.com\/nolamaitezaituenjakingobazenu\/2016\/09\/28\/denbora-aurrera-joanagatik-ere-nire-maiatasun-egarria-amaiezina-da\/\" class=\"more-link\">Sigue leyendo <span class=\"screen-reader-text\">Denbora aurrera joanagatik ere, nire maiatasun-egarria amaiezina da<\/span><\/a><\/p>\n<div style=\"padding-bottom:20px; padding-top:10px;\" class=\"hupso-share-buttons\"><!-- Hupso Share Buttons - https:\/\/www.hupso.com\/share\/ --><a class=\"hupso_pop\" href=\"https:\/\/www.hupso.com\/share\/\"><img src=\"http:\/\/static.hupso.com\/share\/buttons\/button100x23.png\" style=\"border:0px; width:100; height: 23; \" alt=\"Share Button\" \/><\/a><script type=\"text\/javascript\">var hupso_services=new Array(\"Twitter\",\"Facebook\",\"Linkedin\",\"StumbleUpon\",\"Reddit\",\"Print\");var hupso_icon_type = \"labels\";var hupso_background=\"#EAF4FF\";var hupso_border=\"#66CCFF\";var hupso_image_folder_url = \"\";var hupso_url=\"\";var hupso_title=\"Denbora%20aurrera%20joanagatik%20ere%2C%20nire%20maiatasun-egarria%20amaiezina%20da\";<\/script><script type=\"text\/javascript\" src=\"http:\/\/static.hupso.com\/share\/js\/share.js\"><\/script><!-- Hupso Share Buttons --><\/div>","protected":false},"author":60,"featured_media":0,"comment_status":"open","ping_status":"open","sticky":false,"template":"","format":"standard","meta":{"jetpack_publicize_message":"","jetpack_is_tweetstorm":false,"jetpack_publicize_feature_enabled":true},"categories":[1],"tags":[],"jetpack_publicize_connections":[],"jetpack_featured_media_url":"","jetpack_sharing_enabled":true,"jetpack_shortlink":"https:\/\/wp.me\/p3YjKG-nP","_links":{"self":[{"href":"http:\/\/www.blogsmenesiano.com\/nolamaitezaituenjakingobazenu\/wp-json\/wp\/v2\/posts\/1477"}],"collection":[{"href":"http:\/\/www.blogsmenesiano.com\/nolamaitezaituenjakingobazenu\/wp-json\/wp\/v2\/posts"}],"about":[{"href":"http:\/\/www.blogsmenesiano.com\/nolamaitezaituenjakingobazenu\/wp-json\/wp\/v2\/types\/post"}],"author":[{"embeddable":true,"href":"http:\/\/www.blogsmenesiano.com\/nolamaitezaituenjakingobazenu\/wp-json\/wp\/v2\/users\/60"}],"replies":[{"embeddable":true,"href":"http:\/\/www.blogsmenesiano.com\/nolamaitezaituenjakingobazenu\/wp-json\/wp\/v2\/comments?post=1477"}],"version-history":[{"count":1,"href":"http:\/\/www.blogsmenesiano.com\/nolamaitezaituenjakingobazenu\/wp-json\/wp\/v2\/posts\/1477\/revisions"}],"predecessor-version":[{"id":1478,"href":"http:\/\/www.blogsmenesiano.com\/nolamaitezaituenjakingobazenu\/wp-json\/wp\/v2\/posts\/1477\/revisions\/1478"}],"wp:attachment":[{"href":"http:\/\/www.blogsmenesiano.com\/nolamaitezaituenjakingobazenu\/wp-json\/wp\/v2\/media?parent=1477"}],"wp:term":[{"taxonomy":"category","embeddable":true,"href":"http:\/\/www.blogsmenesiano.com\/nolamaitezaituenjakingobazenu\/wp-json\/wp\/v2\/categories?post=1477"},{"taxonomy":"post_tag","embeddable":true,"href":"http:\/\/www.blogsmenesiano.com\/nolamaitezaituenjakingobazenu\/wp-json\/wp\/v2\/tags?post=1477"}],"curies":[{"name":"wp","href":"https:\/\/api.w.org\/{rel}","templated":true}]}}