{"id":3201,"date":"2019-11-27T22:00:51","date_gmt":"2019-11-27T22:00:51","guid":{"rendered":"http:\/\/www.blogsmenesiano.com\/nolamaitezaituenjakingobazenu\/?p=3201"},"modified":"2019-11-27T22:00:51","modified_gmt":"2019-11-27T22:00:51","slug":"dia-internacional-de-los-voluntarios","status":"publish","type":"post","link":"http:\/\/www.blogsmenesiano.com\/nolamaitezaituenjakingobazenu\/2019\/11\/27\/dia-internacional-de-los-voluntarios\/","title":{"rendered":"D\u00eda Internacional de los Voluntarios"},"content":{"rendered":"<p>Ma\u00f1ana, 5 diciembre, es el d\u00eda Internacional de los Voluntarios.<br \/>\nProyecto \u201cReconoce\u201d. En este experimento social, estas personas fueron a una entrevista, pero no sab\u00edan qui\u00e9n les esperaba all\u00ed&#8230;<\/p>\n<div class=\"jetpack-video-wrapper\"><span class=\"embed-youtube\" style=\"text-align:center; display: block;\"><iframe loading=\"lazy\" class=\"youtube-player\" width=\"676\" height=\"381\" src=\"https:\/\/www.youtube.com\/embed\/AH-pVicZbg8?version=3&#038;rel=1&#038;showsearch=0&#038;showinfo=1&#038;iv_load_policy=1&#038;fs=1&#038;hl=es-ES&#038;autohide=2&#038;wmode=transparent\" allowfullscreen=\"true\" style=\"border:0;\" sandbox=\"allow-scripts allow-same-origin allow-popups allow-presentation\"><\/iframe><\/span><\/div>\n<div style=\"padding-bottom:20px; padding-top:10px;\" class=\"hupso-share-buttons\"><!-- Hupso Share Buttons - https:\/\/www.hupso.com\/share\/ --><a class=\"hupso_pop\" href=\"https:\/\/www.hupso.com\/share\/\"><img src=\"http:\/\/static.hupso.com\/share\/buttons\/button100x23.png\" style=\"border:0px; width:100; height: 23; \" alt=\"Share Button\" \/><\/a><script type=\"text\/javascript\">var hupso_services=new Array(\"Twitter\",\"Facebook\",\"Linkedin\",\"StumbleUpon\",\"Reddit\",\"Print\");var hupso_icon_type = \"labels\";var hupso_background=\"#EAF4FF\";var hupso_border=\"#66CCFF\";var hupso_image_folder_url = \"\";var hupso_url=\"\";var hupso_title=\"D%C3%ADa%20Internacional%20de%20los%20Voluntarios\";<\/script><script type=\"text\/javascript\" src=\"http:\/\/static.hupso.com\/share\/js\/share.js\"><\/script><!-- Hupso Share Buttons --><\/div>","protected":false},"excerpt":{"rendered":"<p>Ma\u00f1ana, 5 diciembre, es el d\u00eda Internacional de los Voluntarios. Proyecto \u201cReconoce\u201d. En este experimento social, estas personas fueron a una entrevista, pero no sab\u00edan qui\u00e9n les esperaba all\u00ed&#8230;<\/p>\n<div style=\"padding-bottom:20px; padding-top:10px;\" class=\"hupso-share-buttons\"><!-- Hupso Share Buttons - https:\/\/www.hupso.com\/share\/ --><a class=\"hupso_pop\" href=\"https:\/\/www.hupso.com\/share\/\"><img src=\"http:\/\/static.hupso.com\/share\/buttons\/button100x23.png\" style=\"border:0px; width:100; height: 23; \" alt=\"Share Button\" \/><\/a><script type=\"text\/javascript\">var hupso_services=new Array(\"Twitter\",\"Facebook\",\"Linkedin\",\"StumbleUpon\",\"Reddit\",\"Print\");var hupso_icon_type = \"labels\";var hupso_background=\"#EAF4FF\";var hupso_border=\"#66CCFF\";var hupso_image_folder_url = \"\";var hupso_url=\"\";var hupso_title=\"D%C3%ADa%20Internacional%20de%20los%20Voluntarios\";<\/script><script type=\"text\/javascript\" src=\"http:\/\/static.hupso.com\/share\/js\/share.js\"><\/script><!-- Hupso Share Buttons --><\/div>","protected":false},"author":60,"featured_media":0,"comment_status":"open","ping_status":"open","sticky":false,"template":"","format":"standard","meta":{"jetpack_publicize_message":"","jetpack_is_tweetstorm":false,"jetpack_publicize_feature_enabled":true},"categories":[1],"tags":[],"jetpack_publicize_connections":[],"jetpack_featured_media_url":"","jetpack_sharing_enabled":true,"jetpack_shortlink":"https:\/\/wp.me\/p3YjKG-PD","_links":{"self":[{"href":"http:\/\/www.blogsmenesiano.com\/nolamaitezaituenjakingobazenu\/wp-json\/wp\/v2\/posts\/3201"}],"collection":[{"href":"http:\/\/www.blogsmenesiano.com\/nolamaitezaituenjakingobazenu\/wp-json\/wp\/v2\/posts"}],"about":[{"href":"http:\/\/www.blogsmenesiano.com\/nolamaitezaituenjakingobazenu\/wp-json\/wp\/v2\/types\/post"}],"author":[{"embeddable":true,"href":"http:\/\/www.blogsmenesiano.com\/nolamaitezaituenjakingobazenu\/wp-json\/wp\/v2\/users\/60"}],"replies":[{"embeddable":true,"href":"http:\/\/www.blogsmenesiano.com\/nolamaitezaituenjakingobazenu\/wp-json\/wp\/v2\/comments?post=3201"}],"version-history":[{"count":1,"href":"http:\/\/www.blogsmenesiano.com\/nolamaitezaituenjakingobazenu\/wp-json\/wp\/v2\/posts\/3201\/revisions"}],"predecessor-version":[{"id":3202,"href":"http:\/\/www.blogsmenesiano.com\/nolamaitezaituenjakingobazenu\/wp-json\/wp\/v2\/posts\/3201\/revisions\/3202"}],"wp:attachment":[{"href":"http:\/\/www.blogsmenesiano.com\/nolamaitezaituenjakingobazenu\/wp-json\/wp\/v2\/media?parent=3201"}],"wp:term":[{"taxonomy":"category","embeddable":true,"href":"http:\/\/www.blogsmenesiano.com\/nolamaitezaituenjakingobazenu\/wp-json\/wp\/v2\/categories?post=3201"},{"taxonomy":"post_tag","embeddable":true,"href":"http:\/\/www.blogsmenesiano.com\/nolamaitezaituenjakingobazenu\/wp-json\/wp\/v2\/tags?post=3201"}],"curies":[{"name":"wp","href":"https:\/\/api.w.org\/{rel}","templated":true}]}}