{"id":3476,"date":"2020-03-21T00:10:00","date_gmt":"2020-03-21T00:10:00","guid":{"rendered":"http:\/\/www.blogsmenesiano.com\/nolamaitezaituenjakingobazenu\/?p=3476&#038;preview=true&#038;preview_id=3476"},"modified":"2020-03-21T12:06:23","modified_gmt":"2020-03-21T12:06:23","slug":"sin-titulo-9","status":"publish","type":"post","link":"http:\/\/www.blogsmenesiano.com\/nolamaitezaituenjakingobazenu\/2020\/03\/21\/sin-titulo-9\/","title":{"rendered":"21 marzo. D\u00eda Mundial S\u00edndrome de Down"},"content":{"rendered":"<h4>Centro Mar\u00eda Coredentora<\/h4>\n<div class=\"jetpack-video-wrapper\"><span class=\"embed-youtube\" style=\"text-align:center; display: block;\"><iframe loading=\"lazy\" class=\"youtube-player\" width=\"676\" height=\"381\" src=\"https:\/\/www.youtube.com\/embed\/LCcIoG5zELk?version=3&#038;rel=1&#038;showsearch=0&#038;showinfo=1&#038;iv_load_policy=1&#038;fs=1&#038;hl=es-ES&#038;autohide=2&#038;wmode=transparent\" allowfullscreen=\"true\" style=\"border:0;\" sandbox=\"allow-scripts allow-same-origin allow-popups allow-presentation\"><\/iframe><\/span><\/div>\n<h4>El libro de Diana<\/h4>\n<p>De sus 29 a\u00f1os, Diana Marcela Molano lleva 8 vinculada a los talleres que dicta la Fundaci\u00f3n Fahrenheit 451 a j\u00f3venes y adultos con discapacidad cognitiva. Durante este tiempo, Diana se ha destacado por su alta sensibilidad y pasi\u00f3n por la escritura, que se encuentra evidenciada en los m\u00e1s de 500 poemas que ha escrito en cerca de 20 cuadernos.<\/p>\n<div class=\"jetpack-video-wrapper\"><span class=\"embed-youtube\" style=\"text-align:center; display: block;\"><iframe loading=\"lazy\" class=\"youtube-player\" width=\"676\" height=\"381\" src=\"https:\/\/www.youtube.com\/embed\/QkC1S3NKwGo?version=3&#038;rel=1&#038;showsearch=0&#038;showinfo=1&#038;iv_load_policy=1&#038;fs=1&#038;hl=es-ES&#038;autohide=2&#038;wmode=transparent\" allowfullscreen=\"true\" style=\"border:0;\" sandbox=\"allow-scripts allow-same-origin allow-popups allow-presentation\"><\/iframe><\/span><\/div>\n<h3>TOUR VIRTUAL<\/h3>\n<p><strong>10 museos para visitar estando en casa:<\/strong><br \/>\n1. Pinacoteca di Brera &#8211;<a href=\"https:\/\/pinacotecabrera.org\/\"> Mil\u00e1n\u00a0<\/a><br \/>\n2. Galleria degli Uffizi &#8211; <a href=\"https:\/\/www.uffizi.it\/mostre-virtuali\">Florencia\u00a0\u00a0<\/a><br \/>\n3. Musei Vaticani &#8211; <a href=\"http:\/\/www.museivaticani.va\/content\/museivaticani\/it\/collezioni\/catalogo-online.html\">Roma\u00a0<\/a><br \/>\n4. Museo Archeologico &#8211; <a href=\"https:\/\/www.namuseum.gr\/en\/collections\/\">Atenas\u00a0\u00a0<\/a><br \/>\n5. Prado &#8211; <a href=\"https:\/\/www.museodelprado.es\/en\/the-collection\/art-works\">Madrid<\/a><br \/>\n6. Louvre &#8211; <a href=\"https:\/\/www.louvre.fr\/en\/visites-en-ligne\">Par\u00eds\u00a0<\/a><br \/>\n7. British Museum &#8211; <a href=\"https:\/\/www.britishmuseum.org\/collection\">Londres\u00a0<\/a><br \/>\n8. Metropolitan Museum &#8211; <a href=\"https:\/\/artsandculture.google.com\/explore\">New York\u00a0<\/a><br \/>\n9. Hermitage &#8211; <a href=\"https:\/\/bit.ly\/3cJHdnj\">San Petersburgo\u00a0<\/a><br \/>\n10. National Gallery of art &#8211; <a href=\"https:\/\/www.nga.gov\/index.html\">Washington<\/a><\/p>\n<div style=\"padding-bottom:20px; padding-top:10px;\" class=\"hupso-share-buttons\"><!-- Hupso Share Buttons - https:\/\/www.hupso.com\/share\/ --><a class=\"hupso_pop\" href=\"https:\/\/www.hupso.com\/share\/\"><img src=\"http:\/\/static.hupso.com\/share\/buttons\/button100x23.png\" style=\"border:0px; width:100; height: 23; \" alt=\"Share Button\" \/><\/a><script type=\"text\/javascript\">var hupso_services=new Array(\"Twitter\",\"Facebook\",\"Linkedin\",\"StumbleUpon\",\"Reddit\",\"Print\");var hupso_icon_type = \"labels\";var hupso_background=\"#EAF4FF\";var hupso_border=\"#66CCFF\";var hupso_image_folder_url = \"\";var hupso_url=\"\";var hupso_title=\"21%20marzo.%20D%C3%ADa%20Mundial%20S%C3%ADndrome%20de%20Down\";<\/script><script type=\"text\/javascript\" src=\"http:\/\/static.hupso.com\/share\/js\/share.js\"><\/script><!-- Hupso Share Buttons --><\/div>","protected":false},"excerpt":{"rendered":"<p>Centro Mar\u00eda Coredentora El libro de Diana De sus 29 a\u00f1os, Diana Marcela Molano lleva 8 vinculada a los talleres que dicta la Fundaci\u00f3n Fahrenheit 451 a j\u00f3venes y adultos con discapacidad cognitiva. Durante este tiempo, Diana se ha destacado por su alta sensibilidad y pasi\u00f3n por la escritura, que se encuentra evidenciada en los &hellip; <a href=\"http:\/\/www.blogsmenesiano.com\/nolamaitezaituenjakingobazenu\/2020\/03\/21\/sin-titulo-9\/\" class=\"more-link\">Sigue leyendo <span class=\"screen-reader-text\">21 marzo. D\u00eda Mundial S\u00edndrome de Down<\/span><\/a><\/p>\n<div style=\"padding-bottom:20px; padding-top:10px;\" class=\"hupso-share-buttons\"><!-- Hupso Share Buttons - https:\/\/www.hupso.com\/share\/ --><a class=\"hupso_pop\" href=\"https:\/\/www.hupso.com\/share\/\"><img src=\"http:\/\/static.hupso.com\/share\/buttons\/button100x23.png\" style=\"border:0px; width:100; height: 23; \" alt=\"Share Button\" \/><\/a><script type=\"text\/javascript\">var hupso_services=new Array(\"Twitter\",\"Facebook\",\"Linkedin\",\"StumbleUpon\",\"Reddit\",\"Print\");var hupso_icon_type = \"labels\";var hupso_background=\"#EAF4FF\";var hupso_border=\"#66CCFF\";var hupso_image_folder_url = \"\";var hupso_url=\"\";var hupso_title=\"21%20marzo.%20D%C3%ADa%20Mundial%20S%C3%ADndrome%20de%20Down\";<\/script><script type=\"text\/javascript\" src=\"http:\/\/static.hupso.com\/share\/js\/share.js\"><\/script><!-- Hupso Share Buttons --><\/div>","protected":false},"author":60,"featured_media":0,"comment_status":"open","ping_status":"open","sticky":false,"template":"","format":"standard","meta":{"jetpack_publicize_message":"","jetpack_is_tweetstorm":false,"jetpack_publicize_feature_enabled":true},"categories":[1],"tags":[],"jetpack_publicize_connections":[],"jetpack_featured_media_url":"","jetpack_sharing_enabled":true,"jetpack_shortlink":"https:\/\/wp.me\/p3YjKG-U4","_links":{"self":[{"href":"http:\/\/www.blogsmenesiano.com\/nolamaitezaituenjakingobazenu\/wp-json\/wp\/v2\/posts\/3476"}],"collection":[{"href":"http:\/\/www.blogsmenesiano.com\/nolamaitezaituenjakingobazenu\/wp-json\/wp\/v2\/posts"}],"about":[{"href":"http:\/\/www.blogsmenesiano.com\/nolamaitezaituenjakingobazenu\/wp-json\/wp\/v2\/types\/post"}],"author":[{"embeddable":true,"href":"http:\/\/www.blogsmenesiano.com\/nolamaitezaituenjakingobazenu\/wp-json\/wp\/v2\/users\/60"}],"replies":[{"embeddable":true,"href":"http:\/\/www.blogsmenesiano.com\/nolamaitezaituenjakingobazenu\/wp-json\/wp\/v2\/comments?post=3476"}],"version-history":[{"count":3,"href":"http:\/\/www.blogsmenesiano.com\/nolamaitezaituenjakingobazenu\/wp-json\/wp\/v2\/posts\/3476\/revisions"}],"predecessor-version":[{"id":3480,"href":"http:\/\/www.blogsmenesiano.com\/nolamaitezaituenjakingobazenu\/wp-json\/wp\/v2\/posts\/3476\/revisions\/3480"}],"wp:attachment":[{"href":"http:\/\/www.blogsmenesiano.com\/nolamaitezaituenjakingobazenu\/wp-json\/wp\/v2\/media?parent=3476"}],"wp:term":[{"taxonomy":"category","embeddable":true,"href":"http:\/\/www.blogsmenesiano.com\/nolamaitezaituenjakingobazenu\/wp-json\/wp\/v2\/categories?post=3476"},{"taxonomy":"post_tag","embeddable":true,"href":"http:\/\/www.blogsmenesiano.com\/nolamaitezaituenjakingobazenu\/wp-json\/wp\/v2\/tags?post=3476"}],"curies":[{"name":"wp","href":"https:\/\/api.w.org\/{rel}","templated":true}]}}