{"id":3505,"date":"2020-04-01T00:04:20","date_gmt":"2020-04-01T00:04:20","guid":{"rendered":"http:\/\/www.blogsmenesiano.com\/nolamaitezaituenjakingobazenu\/?p=3505"},"modified":"2020-03-31T10:45:46","modified_gmt":"2020-03-31T10:45:46","slug":"un-canto-a-la-vida","status":"publish","type":"post","link":"http:\/\/www.blogsmenesiano.com\/nolamaitezaituenjakingobazenu\/2020\/04\/01\/un-canto-a-la-vida\/","title":{"rendered":"Un canto a la vida"},"content":{"rendered":"<p>De la <strong><span style=\"color: #ff0000\">Homil\u00eda del Papa Francisco<\/span><\/strong>: \u00ab<a href=\"http:\/\/www.blogsmenesiano.com\/siconocierascomoteama\/wp-content\/uploads\/sites\/8\/2020\/03\/EN-LA-MISMA-BARCA.pdf\">EN LA MISMA BARCA<\/a>\u00bb<br \/>\n<strong><span style=\"color: #0000ff\">Aprovechad esta nueva propuesta:<\/span><\/strong> <a href=\"http:\/\/www.blogsmenesiano.com\/siconocierascomoteama\/wp-content\/uploads\/sites\/8\/2020\/03\/13.-EN-CASA-con-JESUS-y-JnMa.pdf\">\u00abEn Casa con Jes\u00fas y Juan Mar\u00eda\u00bb.<\/a> N\u00ba 13<\/p>\n<p><strong>Un canto a la vida. Vanesa Mart\u00edn<br \/>\n<\/strong>\u00abUn canto a la vida\u00bb es la canci\u00f3n con la que Vanesa Mart\u00edn se une a la oleada de ayudas y gestos solidarios que de manera altruista y espont\u00e1nea se multiplican dentro y fuera de nuestro pa\u00eds. Son d\u00edas complicados en los que todos luchamos por un mismo fin: ayudar a los afectados por el COVID-19 y a los h\u00e9roes que est\u00e1n en primera l\u00ednea de batalla. Esta es una canci\u00f3n in\u00e9dita compuesta por Vanesa Mart\u00edn junto a David Sanstisteban, un llamamiento a la uni\u00f3n, la empat\u00eda y la solidaridad.<\/p>\n<div class=\"jetpack-video-wrapper\"><span class=\"embed-youtube\" style=\"text-align:center; display: block;\"><iframe loading=\"lazy\" class=\"youtube-player\" width=\"676\" height=\"381\" src=\"https:\/\/www.youtube.com\/embed\/q6c7ev6GfsA?version=3&#038;rel=1&#038;showsearch=0&#038;showinfo=1&#038;iv_load_policy=1&#038;fs=1&#038;hl=es-ES&#038;autohide=2&#038;wmode=transparent\" allowfullscreen=\"true\" style=\"border:0;\" sandbox=\"allow-scripts allow-same-origin allow-popups allow-presentation\"><\/iframe><\/span><\/div>\n<p>&nbsp;<\/p>\n<div style=\"padding-bottom:20px; padding-top:10px;\" class=\"hupso-share-buttons\"><!-- Hupso Share Buttons - https:\/\/www.hupso.com\/share\/ --><a class=\"hupso_pop\" href=\"https:\/\/www.hupso.com\/share\/\"><img src=\"http:\/\/static.hupso.com\/share\/buttons\/button100x23.png\" style=\"border:0px; width:100; height: 23; \" alt=\"Share Button\" \/><\/a><script type=\"text\/javascript\">var hupso_services=new Array(\"Twitter\",\"Facebook\",\"Linkedin\",\"StumbleUpon\",\"Reddit\",\"Print\");var hupso_icon_type = \"labels\";var hupso_background=\"#EAF4FF\";var hupso_border=\"#66CCFF\";var hupso_image_folder_url = \"\";var hupso_url=\"\";var hupso_title=\"Un%20canto%20a%20la%20vida\";<\/script><script type=\"text\/javascript\" src=\"http:\/\/static.hupso.com\/share\/js\/share.js\"><\/script><!-- Hupso Share Buttons --><\/div>","protected":false},"excerpt":{"rendered":"<p>De la Homil\u00eda del Papa Francisco: \u00abEN LA MISMA BARCA\u00bb Aprovechad esta nueva propuesta: \u00abEn Casa con Jes\u00fas y Juan Mar\u00eda\u00bb. N\u00ba 13 Un canto a la vida. Vanesa Mart\u00edn \u00abUn canto a la vida\u00bb es la canci\u00f3n con la que Vanesa Mart\u00edn se une a la oleada de ayudas y gestos solidarios que de &hellip; <a href=\"http:\/\/www.blogsmenesiano.com\/nolamaitezaituenjakingobazenu\/2020\/04\/01\/un-canto-a-la-vida\/\" class=\"more-link\">Sigue leyendo <span class=\"screen-reader-text\">Un canto a la vida<\/span><\/a><\/p>\n<div style=\"padding-bottom:20px; padding-top:10px;\" class=\"hupso-share-buttons\"><!-- Hupso Share Buttons - https:\/\/www.hupso.com\/share\/ --><a class=\"hupso_pop\" href=\"https:\/\/www.hupso.com\/share\/\"><img src=\"http:\/\/static.hupso.com\/share\/buttons\/button100x23.png\" style=\"border:0px; width:100; height: 23; \" alt=\"Share Button\" \/><\/a><script type=\"text\/javascript\">var hupso_services=new Array(\"Twitter\",\"Facebook\",\"Linkedin\",\"StumbleUpon\",\"Reddit\",\"Print\");var hupso_icon_type = \"labels\";var hupso_background=\"#EAF4FF\";var hupso_border=\"#66CCFF\";var hupso_image_folder_url = \"\";var hupso_url=\"\";var hupso_title=\"Un%20canto%20a%20la%20vida\";<\/script><script type=\"text\/javascript\" src=\"http:\/\/static.hupso.com\/share\/js\/share.js\"><\/script><!-- Hupso Share Buttons --><\/div>","protected":false},"author":60,"featured_media":0,"comment_status":"open","ping_status":"open","sticky":false,"template":"","format":"standard","meta":{"jetpack_publicize_message":"","jetpack_is_tweetstorm":false,"jetpack_publicize_feature_enabled":true},"categories":[1],"tags":[],"jetpack_publicize_connections":[],"jetpack_featured_media_url":"","jetpack_sharing_enabled":true,"jetpack_shortlink":"https:\/\/wp.me\/p3YjKG-Ux","_links":{"self":[{"href":"http:\/\/www.blogsmenesiano.com\/nolamaitezaituenjakingobazenu\/wp-json\/wp\/v2\/posts\/3505"}],"collection":[{"href":"http:\/\/www.blogsmenesiano.com\/nolamaitezaituenjakingobazenu\/wp-json\/wp\/v2\/posts"}],"about":[{"href":"http:\/\/www.blogsmenesiano.com\/nolamaitezaituenjakingobazenu\/wp-json\/wp\/v2\/types\/post"}],"author":[{"embeddable":true,"href":"http:\/\/www.blogsmenesiano.com\/nolamaitezaituenjakingobazenu\/wp-json\/wp\/v2\/users\/60"}],"replies":[{"embeddable":true,"href":"http:\/\/www.blogsmenesiano.com\/nolamaitezaituenjakingobazenu\/wp-json\/wp\/v2\/comments?post=3505"}],"version-history":[{"count":2,"href":"http:\/\/www.blogsmenesiano.com\/nolamaitezaituenjakingobazenu\/wp-json\/wp\/v2\/posts\/3505\/revisions"}],"predecessor-version":[{"id":3507,"href":"http:\/\/www.blogsmenesiano.com\/nolamaitezaituenjakingobazenu\/wp-json\/wp\/v2\/posts\/3505\/revisions\/3507"}],"wp:attachment":[{"href":"http:\/\/www.blogsmenesiano.com\/nolamaitezaituenjakingobazenu\/wp-json\/wp\/v2\/media?parent=3505"}],"wp:term":[{"taxonomy":"category","embeddable":true,"href":"http:\/\/www.blogsmenesiano.com\/nolamaitezaituenjakingobazenu\/wp-json\/wp\/v2\/categories?post=3505"},{"taxonomy":"post_tag","embeddable":true,"href":"http:\/\/www.blogsmenesiano.com\/nolamaitezaituenjakingobazenu\/wp-json\/wp\/v2\/tags?post=3505"}],"curies":[{"name":"wp","href":"https:\/\/api.w.org\/{rel}","templated":true}]}}