{"id":3565,"date":"2020-04-15T00:14:07","date_gmt":"2020-04-15T00:14:07","guid":{"rendered":"http:\/\/www.blogsmenesiano.com\/nolamaitezaituenjakingobazenu\/?p=3565"},"modified":"2020-04-14T21:14:46","modified_gmt":"2020-04-14T21:14:46","slug":"querida-yo","status":"publish","type":"post","link":"http:\/\/www.blogsmenesiano.com\/nolamaitezaituenjakingobazenu\/2020\/04\/15\/querida-yo\/","title":{"rendered":"Querida yo&#8230;"},"content":{"rendered":"<p><span style=\"color: #09bd45\"><strong>M\u00c1XIMA PRIMARIA:<\/strong><\/span><\/p>\n<div class=\"jetpack-video-wrapper\"><span class=\"embed-youtube\" style=\"text-align:center; display: block;\"><iframe loading=\"lazy\" class=\"youtube-player\" width=\"676\" height=\"381\" src=\"https:\/\/www.youtube.com\/embed\/FiqVKUGy4ec?version=3&#038;rel=1&#038;showsearch=0&#038;showinfo=1&#038;iv_load_policy=1&#038;fs=1&#038;hl=es-ES&#038;autohide=2&#038;wmode=transparent\" allowfullscreen=\"true\" style=\"border:0;\" sandbox=\"allow-scripts allow-same-origin allow-popups allow-presentation\"><\/iframe><\/span><\/div>\n<h3><span style=\"color: #993300\"><strong>FAMILIAS Y ESO-BACHILLERATO:<\/strong><\/span><\/h3>\n<p><strong><span style=\"color: #993300\"><span style=\"color: #000000\">En Casa con Jes\u00fas y Juan Mar\u00eda\u00a0\u00a0(H. Jos\u00e9 Antonio Vivas).\u00a0 <a href=\"http:\/\/www.blogsmenesiano.com\/siconocierascomoteama\/wp-content\/uploads\/sites\/8\/2020\/04\/15-MI\u00c9RCOLES-PASCUA.pdf\">MI\u00c9RCOLES DE PASCUA<\/a><\/span><br \/>\n<\/span><\/strong><\/p>\n<p><strong><span style=\"color: #993300\">\u201cQuerida yo\u201d<\/span><br \/>\n<\/strong>Carta reflexiva sobre la \u00e9poca de confinamiento que estamos viviendo a causa del coronavirus. Texto y voz: Paula Alonso Guti\u00e9rrez, estudiante de Medicina (@paulii_alonso) V\u00eddeo: Mar\u00eda Alonso Mart\u00ednez, estudiante de Ingenier\u00eda de Tecnolog\u00edas industriales (@maria.alon.m)<\/p>\n<div class=\"jetpack-video-wrapper\"><span class=\"embed-youtube\" style=\"text-align:center; display: block;\"><iframe loading=\"lazy\" class=\"youtube-player\" width=\"676\" height=\"381\" src=\"https:\/\/www.youtube.com\/embed\/xY9LeOW8Y-M?version=3&#038;rel=1&#038;showsearch=0&#038;showinfo=1&#038;iv_load_policy=1&#038;fs=1&#038;hl=es-ES&#038;autohide=2&#038;wmode=transparent\" allowfullscreen=\"true\" style=\"border:0;\" sandbox=\"allow-scripts allow-same-origin allow-popups allow-presentation\"><\/iframe><\/span><\/div>\n<div style=\"padding-bottom:20px; padding-top:10px;\" class=\"hupso-share-buttons\"><!-- Hupso Share Buttons - https:\/\/www.hupso.com\/share\/ --><a class=\"hupso_pop\" href=\"https:\/\/www.hupso.com\/share\/\"><img src=\"http:\/\/static.hupso.com\/share\/buttons\/button100x23.png\" style=\"border:0px; width:100; height: 23; \" alt=\"Share Button\" \/><\/a><script type=\"text\/javascript\">var hupso_services=new Array(\"Twitter\",\"Facebook\",\"Linkedin\",\"StumbleUpon\",\"Reddit\",\"Print\");var hupso_icon_type = \"labels\";var hupso_background=\"#EAF4FF\";var hupso_border=\"#66CCFF\";var hupso_image_folder_url = \"\";var hupso_url=\"\";var hupso_title=\"Querida%20yo...\";<\/script><script type=\"text\/javascript\" src=\"http:\/\/static.hupso.com\/share\/js\/share.js\"><\/script><!-- Hupso Share Buttons --><\/div>","protected":false},"excerpt":{"rendered":"<p>M\u00c1XIMA PRIMARIA: FAMILIAS Y ESO-BACHILLERATO: En Casa con Jes\u00fas y Juan Mar\u00eda\u00a0\u00a0(H. Jos\u00e9 Antonio Vivas).\u00a0 MI\u00c9RCOLES DE PASCUA \u201cQuerida yo\u201d Carta reflexiva sobre la \u00e9poca de confinamiento que estamos viviendo a causa del coronavirus. Texto y voz: Paula Alonso Guti\u00e9rrez, estudiante de Medicina (@paulii_alonso) V\u00eddeo: Mar\u00eda Alonso Mart\u00ednez, estudiante de Ingenier\u00eda de Tecnolog\u00edas industriales (@maria.alon.m)<\/p>\n<div style=\"padding-bottom:20px; padding-top:10px;\" class=\"hupso-share-buttons\"><!-- Hupso Share Buttons - https:\/\/www.hupso.com\/share\/ --><a class=\"hupso_pop\" href=\"https:\/\/www.hupso.com\/share\/\"><img src=\"http:\/\/static.hupso.com\/share\/buttons\/button100x23.png\" style=\"border:0px; width:100; height: 23; \" alt=\"Share Button\" \/><\/a><script type=\"text\/javascript\">var hupso_services=new Array(\"Twitter\",\"Facebook\",\"Linkedin\",\"StumbleUpon\",\"Reddit\",\"Print\");var hupso_icon_type = \"labels\";var hupso_background=\"#EAF4FF\";var hupso_border=\"#66CCFF\";var hupso_image_folder_url = \"\";var hupso_url=\"\";var hupso_title=\"Querida%20yo...\";<\/script><script type=\"text\/javascript\" src=\"http:\/\/static.hupso.com\/share\/js\/share.js\"><\/script><!-- Hupso Share Buttons --><\/div>","protected":false},"author":60,"featured_media":0,"comment_status":"open","ping_status":"open","sticky":false,"template":"","format":"standard","meta":{"jetpack_publicize_message":"","jetpack_is_tweetstorm":false,"jetpack_publicize_feature_enabled":true},"categories":[1],"tags":[],"jetpack_publicize_connections":[],"jetpack_featured_media_url":"","jetpack_sharing_enabled":true,"jetpack_shortlink":"https:\/\/wp.me\/p3YjKG-Vv","_links":{"self":[{"href":"http:\/\/www.blogsmenesiano.com\/nolamaitezaituenjakingobazenu\/wp-json\/wp\/v2\/posts\/3565"}],"collection":[{"href":"http:\/\/www.blogsmenesiano.com\/nolamaitezaituenjakingobazenu\/wp-json\/wp\/v2\/posts"}],"about":[{"href":"http:\/\/www.blogsmenesiano.com\/nolamaitezaituenjakingobazenu\/wp-json\/wp\/v2\/types\/post"}],"author":[{"embeddable":true,"href":"http:\/\/www.blogsmenesiano.com\/nolamaitezaituenjakingobazenu\/wp-json\/wp\/v2\/users\/60"}],"replies":[{"embeddable":true,"href":"http:\/\/www.blogsmenesiano.com\/nolamaitezaituenjakingobazenu\/wp-json\/wp\/v2\/comments?post=3565"}],"version-history":[{"count":1,"href":"http:\/\/www.blogsmenesiano.com\/nolamaitezaituenjakingobazenu\/wp-json\/wp\/v2\/posts\/3565\/revisions"}],"predecessor-version":[{"id":3566,"href":"http:\/\/www.blogsmenesiano.com\/nolamaitezaituenjakingobazenu\/wp-json\/wp\/v2\/posts\/3565\/revisions\/3566"}],"wp:attachment":[{"href":"http:\/\/www.blogsmenesiano.com\/nolamaitezaituenjakingobazenu\/wp-json\/wp\/v2\/media?parent=3565"}],"wp:term":[{"taxonomy":"category","embeddable":true,"href":"http:\/\/www.blogsmenesiano.com\/nolamaitezaituenjakingobazenu\/wp-json\/wp\/v2\/categories?post=3565"},{"taxonomy":"post_tag","embeddable":true,"href":"http:\/\/www.blogsmenesiano.com\/nolamaitezaituenjakingobazenu\/wp-json\/wp\/v2\/tags?post=3565"}],"curies":[{"name":"wp","href":"https:\/\/api.w.org\/{rel}","templated":true}]}}