{"id":3816,"date":"2020-09-25T00:46:48","date_gmt":"2020-09-25T00:46:48","guid":{"rendered":"http:\/\/www.blogsmenesiano.com\/nolamaitezaituenjakingobazenu\/?p=3816"},"modified":"2020-09-27T08:49:28","modified_gmt":"2020-09-27T08:49:28","slug":"jesu-kristo-bazala-ihes-egitera-behartuak","status":"publish","type":"post","link":"http:\/\/www.blogsmenesiano.com\/nolamaitezaituenjakingobazenu\/2020\/09\/25\/jesu-kristo-bazala-ihes-egitera-behartuak\/","title":{"rendered":"Jesu Kristo bazala ihes egitera behartuak"},"content":{"rendered":"<p><img loading=\"lazy\" class=\"\" src=\"http:\/\/www.blogsmenesiano.com\/nolamaitezaituenjakingobazenu\/wp-content\/uploads\/sites\/9\/2020\/09\/Refugiados.jpg\" width=\"284\" height=\"201\" \/><\/p>\n<p>El Papa Francisco ha elegido como lema para este a\u00f1o, que se celebra este domingo, 27 de septiembre: <strong>\u201cComo Jesucristo, obligados a huir\u201d<\/strong>. En el v\u00eddeo de abajo nos lo cuenta\u2026<br \/>\nSi lo prefieres, en nuestra web: <a href=\"https:\/\/www.lamennais.me\/refugiados-en-casa\">https:\/\/www.lamennais.me\/refugiados-en-casa<\/a> podr\u00e1s conocer un proyecto de acogida en nuestro colegio Menesiano de Nanclares, con la organizaci\u00f3n CEAR. Te gustar\u00e1 el video de Natalia y Mar\u00eda, alumnas del Menesiano de Madrid: <a href=\"https:\/\/www.youtube.com\/watch?v=sHqqT_mz3-c&amp;feature=emb_logo\">https:\/\/www.youtube.com\/watch?v=sHqqT_mz3-c&amp;feature=emb_logo\u00a0<\/a><\/p>\n<div class=\"jetpack-video-wrapper\"><span class=\"embed-youtube\" style=\"text-align:center; display: block;\"><iframe loading=\"lazy\" class=\"youtube-player\" width=\"676\" height=\"381\" src=\"https:\/\/www.youtube.com\/embed\/zi7VGJz1uF4?version=3&#038;rel=1&#038;showsearch=0&#038;showinfo=1&#038;iv_load_policy=1&#038;fs=1&#038;hl=es-ES&#038;autohide=2&#038;wmode=transparent\" allowfullscreen=\"true\" style=\"border:0;\" sandbox=\"allow-scripts allow-same-origin allow-popups allow-presentation\"><\/iframe><\/span><\/div>\n<p>&nbsp;<\/p>\n<div style=\"padding-bottom:20px; padding-top:10px;\" class=\"hupso-share-buttons\"><!-- Hupso Share Buttons - https:\/\/www.hupso.com\/share\/ --><a class=\"hupso_pop\" href=\"https:\/\/www.hupso.com\/share\/\"><img src=\"http:\/\/static.hupso.com\/share\/buttons\/button100x23.png\" style=\"border:0px; width:100; height: 23; \" alt=\"Share Button\" \/><\/a><script type=\"text\/javascript\">var hupso_services=new Array(\"Twitter\",\"Facebook\",\"Linkedin\",\"StumbleUpon\",\"Reddit\",\"Print\");var hupso_icon_type = \"labels\";var hupso_background=\"#EAF4FF\";var hupso_border=\"#66CCFF\";var hupso_image_folder_url = \"\";var hupso_url=\"\";var hupso_title=\"Jesu%20Kristo%20bazala%20ihes%20egitera%20behartuak\";<\/script><script type=\"text\/javascript\" src=\"http:\/\/static.hupso.com\/share\/js\/share.js\"><\/script><!-- Hupso Share Buttons --><\/div>","protected":false},"excerpt":{"rendered":"<p>El Papa Francisco ha elegido como lema para este a\u00f1o, que se celebra este domingo, 27 de septiembre: \u201cComo Jesucristo, obligados a huir\u201d. En el v\u00eddeo de abajo nos lo cuenta\u2026 Si lo prefieres, en nuestra web: https:\/\/www.lamennais.me\/refugiados-en-casa podr\u00e1s conocer un proyecto de acogida en nuestro colegio Menesiano de Nanclares, con la organizaci\u00f3n CEAR. Te &hellip; <a href=\"http:\/\/www.blogsmenesiano.com\/nolamaitezaituenjakingobazenu\/2020\/09\/25\/jesu-kristo-bazala-ihes-egitera-behartuak\/\" class=\"more-link\">Sigue leyendo <span class=\"screen-reader-text\">Jesu Kristo bazala ihes egitera behartuak<\/span><\/a><\/p>\n<div style=\"padding-bottom:20px; padding-top:10px;\" class=\"hupso-share-buttons\"><!-- Hupso Share Buttons - https:\/\/www.hupso.com\/share\/ --><a class=\"hupso_pop\" href=\"https:\/\/www.hupso.com\/share\/\"><img src=\"http:\/\/static.hupso.com\/share\/buttons\/button100x23.png\" style=\"border:0px; width:100; height: 23; \" alt=\"Share Button\" \/><\/a><script type=\"text\/javascript\">var hupso_services=new Array(\"Twitter\",\"Facebook\",\"Linkedin\",\"StumbleUpon\",\"Reddit\",\"Print\");var hupso_icon_type = \"labels\";var hupso_background=\"#EAF4FF\";var hupso_border=\"#66CCFF\";var hupso_image_folder_url = \"\";var hupso_url=\"\";var hupso_title=\"Jesu%20Kristo%20bazala%20ihes%20egitera%20behartuak\";<\/script><script type=\"text\/javascript\" src=\"http:\/\/static.hupso.com\/share\/js\/share.js\"><\/script><!-- Hupso Share Buttons --><\/div>","protected":false},"author":60,"featured_media":0,"comment_status":"open","ping_status":"open","sticky":false,"template":"","format":"standard","meta":{"jetpack_publicize_message":"","jetpack_is_tweetstorm":false,"jetpack_publicize_feature_enabled":true},"categories":[1],"tags":[],"jetpack_publicize_connections":[],"jetpack_featured_media_url":"","jetpack_sharing_enabled":true,"jetpack_shortlink":"https:\/\/wp.me\/p3YjKG-Zy","_links":{"self":[{"href":"http:\/\/www.blogsmenesiano.com\/nolamaitezaituenjakingobazenu\/wp-json\/wp\/v2\/posts\/3816"}],"collection":[{"href":"http:\/\/www.blogsmenesiano.com\/nolamaitezaituenjakingobazenu\/wp-json\/wp\/v2\/posts"}],"about":[{"href":"http:\/\/www.blogsmenesiano.com\/nolamaitezaituenjakingobazenu\/wp-json\/wp\/v2\/types\/post"}],"author":[{"embeddable":true,"href":"http:\/\/www.blogsmenesiano.com\/nolamaitezaituenjakingobazenu\/wp-json\/wp\/v2\/users\/60"}],"replies":[{"embeddable":true,"href":"http:\/\/www.blogsmenesiano.com\/nolamaitezaituenjakingobazenu\/wp-json\/wp\/v2\/comments?post=3816"}],"version-history":[{"count":1,"href":"http:\/\/www.blogsmenesiano.com\/nolamaitezaituenjakingobazenu\/wp-json\/wp\/v2\/posts\/3816\/revisions"}],"predecessor-version":[{"id":3817,"href":"http:\/\/www.blogsmenesiano.com\/nolamaitezaituenjakingobazenu\/wp-json\/wp\/v2\/posts\/3816\/revisions\/3817"}],"wp:attachment":[{"href":"http:\/\/www.blogsmenesiano.com\/nolamaitezaituenjakingobazenu\/wp-json\/wp\/v2\/media?parent=3816"}],"wp:term":[{"taxonomy":"category","embeddable":true,"href":"http:\/\/www.blogsmenesiano.com\/nolamaitezaituenjakingobazenu\/wp-json\/wp\/v2\/categories?post=3816"},{"taxonomy":"post_tag","embeddable":true,"href":"http:\/\/www.blogsmenesiano.com\/nolamaitezaituenjakingobazenu\/wp-json\/wp\/v2\/tags?post=3816"}],"curies":[{"name":"wp","href":"https:\/\/api.w.org\/{rel}","templated":true}]}}