{"id":10300,"date":"2025-02-05T00:01:37","date_gmt":"2025-02-04T23:01:37","guid":{"rendered":"http:\/\/www.blogsmenesiano.com\/siconocierascomoteama\/?p=10300"},"modified":"2025-02-02T23:14:16","modified_gmt":"2025-02-02T22:14:16","slug":"yo-antes-de-ti-jesus","status":"publish","type":"post","link":"http:\/\/www.blogsmenesiano.com\/siconocierascomoteama\/2025\/02\/05\/yo-antes-de-ti-jesus\/","title":{"rendered":"YO ANTES DE TI JES\u00daS"},"content":{"rendered":"<div class=\"jetpack-video-wrapper\"><span class=\"embed-youtube\" style=\"text-align:center; display: block;\"><iframe loading=\"lazy\" class=\"youtube-player\" width=\"676\" height=\"381\" src=\"https:\/\/www.youtube.com\/embed\/SOvWoQHWviw?version=3&#038;rel=1&#038;showsearch=0&#038;showinfo=1&#038;iv_load_policy=1&#038;fs=1&#038;hl=es-ES&#038;autohide=2&#038;wmode=transparent\" allowfullscreen=\"true\" style=\"border:0;\" sandbox=\"allow-scripts allow-same-origin allow-popups allow-presentation\"><\/iframe><\/span><\/div>\n<div style=\"padding-bottom:20px; padding-top:10px;\" class=\"hupso-share-buttons\"><!-- Hupso Share Buttons - https:\/\/www.hupso.com\/share\/ --><a class=\"hupso_counters\" href=\"https:\/\/www.hupso.com\/share\/\"><img src=\"https:\/\/i0.wp.com\/static.hupso.com\/share\/buttons\/lang\/es\/share-small.png?w=676\" style=\"border:0px; padding-top:2px; float:left;\" alt=\"Share Button\" data-recalc-dims=\"1\"\/><\/a><script type=\"text\/javascript\">var hupso_services_c=new Array(\"twitter\",\"facebook_like\",\"facebook_send\");var hupso_counters_lang = \"es_ES\";var hupso_image_folder_url = \"\";var hupso_url_c=\"\";var hupso_title_c=\"YO%20ANTES%20DE%20TI%20JES%C3%9AS\";<\/script><script type=\"text\/javascript\" src=\"http:\/\/static.hupso.com\/share\/js\/counters.js\"><\/script><!-- Hupso Share Buttons --><\/div>","protected":false},"excerpt":{"rendered":"<div style=\"padding-bottom:20px; padding-top:10px;\" class=\"hupso-share-buttons\"><!-- Hupso Share Buttons - https:\/\/www.hupso.com\/share\/ --><a class=\"hupso_counters\" href=\"https:\/\/www.hupso.com\/share\/\"><img src=\"http:\/\/static.hupso.com\/share\/buttons\/lang\/es\/share-small.png\" style=\"border:0px; padding-top:2px; float:left;\" alt=\"Share Button\"\/><\/a><script type=\"text\/javascript\">var hupso_services_c=new Array(\"twitter\",\"facebook_like\",\"facebook_send\");var hupso_counters_lang = \"es_ES\";var hupso_image_folder_url = \"\";var hupso_url_c=\"\";var hupso_title_c=\"YO%20ANTES%20DE%20TI%20JES%C3%9AS\";<\/script><script type=\"text\/javascript\" src=\"http:\/\/static.hupso.com\/share\/js\/counters.js\"><\/script><!-- Hupso Share Buttons --><\/div>","protected":false},"author":60,"featured_media":0,"comment_status":"open","ping_status":"open","sticky":false,"template":"","format":"standard","meta":{"jetpack_publicize_message":"","jetpack_is_tweetstorm":false,"jetpack_publicize_feature_enabled":true},"categories":[1],"tags":[],"jetpack_publicize_connections":[],"jetpack_featured_media_url":"","jetpack_sharing_enabled":true,"jetpack_shortlink":"https:\/\/wp.me\/p3YjJm-2G8","jetpack_likes_enabled":true,"jetpack-related-posts":[{"id":8107,"url":"http:\/\/www.blogsmenesiano.com\/siconocierascomoteama\/2021\/09\/13\/quien-decis-que-soy-yo-jesus\/","url_meta":{"origin":10300,"position":0},"title":"\u00bfQUI\u00c9N DEC\u00cdS QUE SOY YO? (Jes\u00fas)","date":"13 septiembre, 2021","format":false,"excerpt":"Tan solo es una pregunta...\u00a0 \u00a0a ti te toca responder.\u00a0 Si quieres, claro. Pero es tu respuesta, no la de otros, la que T\u00da quieras y decidas.\u00a0 \u00bfQui\u00e9n es Jes\u00fas de Nazaret para ti?...\u00a0 \u00bfA\u00fan no sabes?\u00a0 \u00a0o quiz\u00e1\u00a0 \u00bflo tienes superclaro?\u00a0 \u00a0T\u00fa mismo, pero si quieres encontrar respuesta...\u00a0 algo\u2026","rel":"","context":"En \u00abSin categor\u00eda\u00bb","img":{"alt_text":"","src":"https:\/\/i0.wp.com\/img.youtube.com\/vi\/liXDk4ggko0\/0.jpg?resize=350%2C200","width":350,"height":200},"classes":[]},{"id":3518,"url":"http:\/\/www.blogsmenesiano.com\/siconocierascomoteama\/2016\/04\/18\/camina-conmigo\/","url_meta":{"origin":10300,"position":1},"title":"Camina conmigo","date":"18 abril, 2016","format":false,"excerpt":"Antes de acercarnos al Evangelio de ayer vamos a recordar con un video el d\u00eda internacional contra la exclavitud infantil que celebr\u00e1bamos el s\u00e1bado 16. Jes\u00fas est\u00e1 al lado de cada uno de estos ni\u00f1os, aunque nadie se lo haga saber: https:\/\/www.youtube.com\/watch?v=8XTOfZ0oPto&feature=youtu.be \"Mis ovejas escuchan mi voz y yo las\u2026","rel":"","context":"En \u00abSin categor\u00eda\u00bb","img":{"alt_text":"","src":"https:\/\/i0.wp.com\/img.youtube.com\/vi\/8XTOfZ0oPto\/0.jpg?resize=350%2C200","width":350,"height":200},"classes":[]},{"id":4127,"url":"http:\/\/www.blogsmenesiano.com\/siconocierascomoteama\/2017\/06\/13\/para-ti\/","url_meta":{"origin":10300,"position":2},"title":"Para ti","date":"13 junio, 2017","format":false,"excerpt":"\u00bfPodr\u00eda haber sido de otro modo? \u00bfC\u00f3mo suelo hacer yo en situaciones as\u00ed? https:\/\/www.youtube.com\/watch?v=Z-d-qHH9IPo","rel":"","context":"En \u00abSin categor\u00eda\u00bb","img":{"alt_text":"","src":"https:\/\/i0.wp.com\/img.youtube.com\/vi\/Z-d-qHH9IPo\/0.jpg?resize=350%2C200","width":350,"height":200},"classes":[]},{"id":5378,"url":"http:\/\/www.blogsmenesiano.com\/siconocierascomoteama\/2018\/12\/04\/por-ti-yo-peleare\/","url_meta":{"origin":10300,"position":3},"title":"POR T\u00cd YO PELEAR\u00c9","date":"4 diciembre, 2018","format":false,"excerpt":"https:\/\/www.youtube.com\/watch?v=-6jxnzyDTIc&feature=youtu.be \u00a0","rel":"","context":"En \u00abSin categor\u00eda\u00bb","img":{"alt_text":"","src":"https:\/\/i0.wp.com\/img.youtube.com\/vi\/-6jxnzyDTIc\/0.jpg?resize=350%2C200","width":350,"height":200},"classes":[]},{"id":7916,"url":"http:\/\/www.blogsmenesiano.com\/siconocierascomoteama\/2021\/05\/07\/con-la-fuerza-del-amor\/","url_meta":{"origin":10300,"position":4},"title":"Con la fuerza del amor","date":"7 mayo, 2021","format":false,"excerpt":"Jes\u00fas dijo a sus disc\u00edpulos: \u201cComo el Padre me ha amado, as\u00ed os he amado yo; permaneced en mi amor\u201d. (Jn 15,9) Jes\u00fas me ha elegido a m\u00ed, te ha elegido a ti, para que actualices en tu vida este Evangelio y ames como \u00c9l nos ama. El mundo puede\u2026","rel":"","context":"En \u00abSin categor\u00eda\u00bb","img":{"alt_text":"","src":"https:\/\/i0.wp.com\/img.youtube.com\/vi\/FFt4Eetik_k\/0.jpg?resize=350%2C200","width":350,"height":200},"classes":[]},{"id":6551,"url":"http:\/\/www.blogsmenesiano.com\/siconocierascomoteama\/2020\/03\/16\/propuestas-para-orar-en-casa-en-familia-en-estos-dias-y-siempre\/","url_meta":{"origin":10300,"position":5},"title":"Propuestas para orar \/ reflexionar en casa, en familia&#8230;","date":"16 marzo, 2020","format":false,"excerpt":"PARA CADA D\u00cdA Rezando voy. Unos minutos para orar con el evangelio del d\u00eda. https:\/\/rezandovoy.org\/\u00a0 ORACI\u00d3N de Fundaci\u00f3n Educaci\u00f3n Cat\u00f3lica desde el evangelio del d\u00eda http:\/\/pastoral.colegiosfec.com\/category\/oracion-del-dia\/\u00a0 Propuesta de Oraci\u00f3n con Hijos\/alumnos de Primaria PARA DAR SENTIDO A ESTA CRISIS QUE VIVIMOS POR EL CORONAVIRUS Mensaje y oraci\u00f3n del Papa Francisco.\u2026","rel":"","context":"En \u00abSin categor\u00eda\u00bb","img":{"alt_text":"","src":"","width":0,"height":0},"classes":[]}],"_links":{"self":[{"href":"http:\/\/www.blogsmenesiano.com\/siconocierascomoteama\/wp-json\/wp\/v2\/posts\/10300"}],"collection":[{"href":"http:\/\/www.blogsmenesiano.com\/siconocierascomoteama\/wp-json\/wp\/v2\/posts"}],"about":[{"href":"http:\/\/www.blogsmenesiano.com\/siconocierascomoteama\/wp-json\/wp\/v2\/types\/post"}],"author":[{"embeddable":true,"href":"http:\/\/www.blogsmenesiano.com\/siconocierascomoteama\/wp-json\/wp\/v2\/users\/60"}],"replies":[{"embeddable":true,"href":"http:\/\/www.blogsmenesiano.com\/siconocierascomoteama\/wp-json\/wp\/v2\/comments?post=10300"}],"version-history":[{"count":1,"href":"http:\/\/www.blogsmenesiano.com\/siconocierascomoteama\/wp-json\/wp\/v2\/posts\/10300\/revisions"}],"predecessor-version":[{"id":10301,"href":"http:\/\/www.blogsmenesiano.com\/siconocierascomoteama\/wp-json\/wp\/v2\/posts\/10300\/revisions\/10301"}],"wp:attachment":[{"href":"http:\/\/www.blogsmenesiano.com\/siconocierascomoteama\/wp-json\/wp\/v2\/media?parent=10300"}],"wp:term":[{"taxonomy":"category","embeddable":true,"href":"http:\/\/www.blogsmenesiano.com\/siconocierascomoteama\/wp-json\/wp\/v2\/categories?post=10300"},{"taxonomy":"post_tag","embeddable":true,"href":"http:\/\/www.blogsmenesiano.com\/siconocierascomoteama\/wp-json\/wp\/v2\/tags?post=10300"}],"curies":[{"name":"wp","href":"https:\/\/api.w.org\/{rel}","templated":true}]}}