{"id":10467,"date":"2025-04-22T00:01:46","date_gmt":"2025-04-21T23:01:46","guid":{"rendered":"https:\/\/www.blogsmenesiano.com\/siconocierascomoteama\/?p=10467"},"modified":"2025-04-21T22:26:21","modified_gmt":"2025-04-21T21:26:21","slug":"lavorare-pregare-e-ridere-trabajar-rezar-y-reir","status":"publish","type":"post","link":"http:\/\/www.blogsmenesiano.com\/siconocierascomoteama\/2025\/04\/22\/lavorare-pregare-e-ridere-trabajar-rezar-y-reir\/","title":{"rendered":"Lavorare, pregare e ridere (trabajar, rezar y re\u00edr)"},"content":{"rendered":"<p>Desde ayer todas las noticias se centran en el Papa Francisco. Es de justicia.<\/p>\n<p>Nosotros tambi\u00e9n tenemos una sencilla an\u00e9cdota como menesianos. Cada seis a\u00f1os hay una reuni\u00f3n de Hermanos, participan laicos menesianos tambi\u00e9n, que dura varias semanas. Se llama Cap\u00edtulo General y ah\u00ed se elige a nuestro \u00abjefe\u00bb. Un d\u00eda pedimos ir a visitar al Papa y nos citaron en una de las catequesis de la plaza San Pedro., coloc\u00e1ndonos en una zona un poco m\u00e1s cercana.<\/p>\n<p>La primera sorpresa es que seg\u00fan sale con el papa-m\u00f3vil por un lateral manda parar el coche y hace una se\u00f1al a un grupo de ni\u00f1os, media docena treparon y el papa-m\u00f3vil se llen\u00f3 de ni\u00f1os que le acompa\u00f1aron felices en todas las vueltas por la plaza.<\/p>\n<p>Despu\u00e9s de una catequesis preciosa, (todo lo que ha escrito y dicho enamora y tenemos para releer y aprender para rato) cre\u00edamos que iba a venir a saludarnos, pero no, nos hizo esperar tiempo, se fue a otras zonas donde estaban los enfermos y uno a uno les escuch\u00f3 y dio la mano.<\/p>\n<p>Cuando se acerc\u00f3 a nosotros nos reconoci\u00f3 enseguida, por el colegio menesiano de Buenos Aires, el Colegio Cardenal Copello. Pregunt\u00f3 qui\u00e9n hab\u00eda salido nombrado Superior General y le dijo entre risas \u00ab\u00bfes a ti al que han crucificado?\u00bb. Tras algunas bromas y recibir la bufanda menesiana de regalo nos dijo tan solo tres palabras: LAVORARE, PREGARE E RIDERE.\u00a0 \u00a0\u00abTrabajar, rezar y re\u00edr\u00bb\u00a0 \u00a0!!! Gracias Francisco !!!<\/p>\n<p>&nbsp;<\/p>\n<p><a href=\"https:\/\/i0.wp.com\/www.blogsmenesiano.com\/siconocierascomoteama\/wp-content\/uploads\/sites\/8\/2025\/04\/Con-el-Papa.jpg\"><img data-attachment-id=\"10468\" data-permalink=\"http:\/\/www.blogsmenesiano.com\/siconocierascomoteama\/2025\/04\/22\/lavorare-pregare-e-ridere-trabajar-rezar-y-reir\/con-el-papa\/\" data-orig-file=\"https:\/\/i0.wp.com\/www.blogsmenesiano.com\/siconocierascomoteama\/wp-content\/uploads\/sites\/8\/2025\/04\/Con-el-Papa.jpg?fit=721%2C636\" data-orig-size=\"721,636\" data-comments-opened=\"1\" data-image-meta=\"{&quot;aperture&quot;:&quot;0&quot;,&quot;credit&quot;:&quot;&quot;,&quot;camera&quot;:&quot;&quot;,&quot;caption&quot;:&quot;&quot;,&quot;created_timestamp&quot;:&quot;0&quot;,&quot;copyright&quot;:&quot;&quot;,&quot;focal_length&quot;:&quot;0&quot;,&quot;iso&quot;:&quot;0&quot;,&quot;shutter_speed&quot;:&quot;0&quot;,&quot;title&quot;:&quot;&quot;,&quot;orientation&quot;:&quot;1&quot;}\" data-image-title=\"Con el Papa\" data-image-description=\"\" data-image-caption=\"\" data-medium-file=\"https:\/\/i0.wp.com\/www.blogsmenesiano.com\/siconocierascomoteama\/wp-content\/uploads\/sites\/8\/2025\/04\/Con-el-Papa.jpg?fit=300%2C265\" data-large-file=\"https:\/\/i0.wp.com\/www.blogsmenesiano.com\/siconocierascomoteama\/wp-content\/uploads\/sites\/8\/2025\/04\/Con-el-Papa.jpg?fit=676%2C596\" loading=\"lazy\" class=\"alignnone size-full wp-image-10468\" src=\"https:\/\/i0.wp.com\/www.blogsmenesiano.com\/siconocierascomoteama\/wp-content\/uploads\/sites\/8\/2025\/04\/Con-el-Papa.jpg?resize=676%2C596\" alt=\"\" width=\"676\" height=\"596\" srcset=\"https:\/\/i0.wp.com\/www.blogsmenesiano.com\/siconocierascomoteama\/wp-content\/uploads\/sites\/8\/2025\/04\/Con-el-Papa.jpg?w=721 721w, https:\/\/i0.wp.com\/www.blogsmenesiano.com\/siconocierascomoteama\/wp-content\/uploads\/sites\/8\/2025\/04\/Con-el-Papa.jpg?resize=300%2C265 300w, https:\/\/i0.wp.com\/www.blogsmenesiano.com\/siconocierascomoteama\/wp-content\/uploads\/sites\/8\/2025\/04\/Con-el-Papa.jpg?resize=676%2C596 676w\" sizes=\"(max-width: 676px) 100vw, 676px\" data-recalc-dims=\"1\" \/><\/a><\/p>\n<div style=\"padding-bottom:20px; padding-top:10px;\" class=\"hupso-share-buttons\"><!-- Hupso Share Buttons - https:\/\/www.hupso.com\/share\/ --><a class=\"hupso_counters\" href=\"https:\/\/www.hupso.com\/share\/\"><img src=\"https:\/\/i0.wp.com\/static.hupso.com\/share\/buttons\/lang\/es\/share-small.png?w=676\" style=\"border:0px; padding-top:2px; float:left;\" alt=\"Share Button\" data-recalc-dims=\"1\"\/><\/a><script type=\"text\/javascript\">var hupso_services_c=new Array(\"twitter\",\"facebook_like\",\"facebook_send\");var hupso_counters_lang = \"es_ES\";var hupso_image_folder_url = \"\";var hupso_url_c=\"\";var hupso_title_c=\"Lavorare%2C%20pregare%20e%20ridere%20%28trabajar%2C%20rezar%20y%20re%C3%ADr%29\";<\/script><script type=\"text\/javascript\" src=\"http:\/\/static.hupso.com\/share\/js\/counters.js\"><\/script><!-- Hupso Share Buttons --><\/div>","protected":false},"excerpt":{"rendered":"<p>Desde ayer todas las noticias se centran en el Papa Francisco. Es de justicia. Nosotros tambi\u00e9n tenemos una sencilla an\u00e9cdota como menesianos. Cada seis a\u00f1os hay una reuni\u00f3n de Hermanos, participan laicos menesianos tambi\u00e9n, que dura varias semanas. Se llama Cap\u00edtulo General y ah\u00ed se elige a nuestro \u00abjefe\u00bb. Un d\u00eda pedimos ir a visitar &hellip; <a href=\"http:\/\/www.blogsmenesiano.com\/siconocierascomoteama\/2025\/04\/22\/lavorare-pregare-e-ridere-trabajar-rezar-y-reir\/\" class=\"more-link\">Sigue leyendo <span class=\"screen-reader-text\">Lavorare, pregare e ridere (trabajar, rezar y re\u00edr)<\/span><\/a><\/p>\n<div style=\"padding-bottom:20px; padding-top:10px;\" class=\"hupso-share-buttons\"><!-- Hupso Share Buttons - https:\/\/www.hupso.com\/share\/ --><a class=\"hupso_counters\" href=\"https:\/\/www.hupso.com\/share\/\"><img src=\"http:\/\/static.hupso.com\/share\/buttons\/lang\/es\/share-small.png\" style=\"border:0px; padding-top:2px; float:left;\" alt=\"Share Button\"\/><\/a><script type=\"text\/javascript\">var hupso_services_c=new Array(\"twitter\",\"facebook_like\",\"facebook_send\");var hupso_counters_lang = \"es_ES\";var hupso_image_folder_url = \"\";var hupso_url_c=\"\";var hupso_title_c=\"Lavorare%2C%20pregare%20e%20ridere%20%28trabajar%2C%20rezar%20y%20re%C3%ADr%29\";<\/script><script type=\"text\/javascript\" src=\"http:\/\/static.hupso.com\/share\/js\/counters.js\"><\/script><!-- Hupso Share Buttons --><\/div>","protected":false},"author":60,"featured_media":0,"comment_status":"open","ping_status":"open","sticky":false,"template":"","format":"standard","meta":{"jetpack_publicize_message":"","jetpack_is_tweetstorm":false,"jetpack_publicize_feature_enabled":true},"categories":[1],"tags":[],"jetpack_publicize_connections":[],"jetpack_featured_media_url":"","jetpack_sharing_enabled":true,"jetpack_shortlink":"https:\/\/wp.me\/p3YjJm-2IP","jetpack_likes_enabled":true,"jetpack-related-posts":[{"id":2738,"url":"http:\/\/www.blogsmenesiano.com\/siconocierascomoteama\/2015\/05\/24\/ven-espiritu-santo\/","url_meta":{"origin":10467,"position":0},"title":"Ven Esp\u00edritu Santo","date":"24 mayo, 2015","format":false,"excerpt":"INVOCACI\u00d3N AL ESP\u00cdRITU SANTO EN TIEMPOS DE DISCERNIMIENTO (Para hacerla en comunidad en perspectiva de b\u00fasqueda) Ven, Esp\u00edritu Santo.\u00a0Despierta nuestra fe d\u00e9bil, peque\u00f1a y vacilante. Ens\u00e9\u00f1anos a vivir\u00a0confiando en el amor insondable que Dios, nuestro Padre, tiene a todos sus hijos e hijas sin excluir a\u00a0nadie\u2026. Si se apaga esta\u2026","rel":"","context":"En \u00abSin categor\u00eda\u00bb","img":{"alt_text":"menesianos pentecostes","src":"https:\/\/i0.wp.com\/s-media-cache-ak0.pinimg.com\/736x\/b4\/cc\/c0\/b4ccc010f1d233c90443084bfc6a4bbe.jpg?resize=350%2C200&ssl=1","width":350,"height":200},"classes":[]},{"id":2631,"url":"http:\/\/www.blogsmenesiano.com\/siconocierascomoteama\/2015\/04\/18\/francisco-a-los-menesianos\/","url_meta":{"origin":10467,"position":1},"title":"Francisco a los menesianos","date":"18 abril, 2015","format":false,"excerpt":"","rel":"","context":"En \u00abrevista comuni\u00f3n\u00bb","img":{"alt_text":"papa francisco menesianos","src":"https:\/\/i0.wp.com\/www.blogsmenesiano.com\/siconocierascomoteama\/wp-content\/uploads\/sites\/8\/2015\/04\/Captura-de-pantalla-2015-04-15-a-las-22.50.47.png?resize=350%2C200","width":350,"height":200},"classes":[]},{"id":2486,"url":"http:\/\/www.blogsmenesiano.com\/siconocierascomoteama\/2015\/03\/04\/2486\/","url_meta":{"origin":10467,"position":2},"title":"Hay un tesoro en tu coraz\u00f3n","date":"4 marzo, 2015","format":false,"excerpt":"Esta no es la foto de un africano cualquiera. En realidad es uno de tus compa\u00f1eros, un alumno de un colegio menesiano, tan sonriente y simp\u00e1tico como cualquiera de tus compa\u00f1eros. A \u00e9l, como a ti, Yannick, el Superior de los menesianos, le dedica este mensaje. Para este estudiante ugand\u00e9s,\u2026","rel":"","context":"En \u00abSin categor\u00eda\u00bb","img":{"alt_text":"menesiano","src":"https:\/\/i0.wp.com\/www.blogsmenesiano.com\/siconocierascomoteama\/wp-content\/uploads\/sites\/8\/2015\/02\/uganda.jpg?resize=350%2C200","width":350,"height":200},"classes":[]},{"id":2574,"url":"http:\/\/www.blogsmenesiano.com\/siconocierascomoteama\/2015\/04\/01\/me-rindo\/","url_meta":{"origin":10467,"position":3},"title":"\u00a1 Me rindo !","date":"1 abril, 2015","format":false,"excerpt":"Nada podemos hacer, \u00a0pero al menos saber que existe y no olvidarles es un paso. \u201cFotograf\u00eda tomada a una ni\u00f1a siria. Ella cree que tengo un arma y no una c\u00e1mara; por ello se rindi\u00f3\u201d, explic\u00f3 Abu Shaban en Facebook. \u201cSu rostro se tensa inmediatamente. Ella muerde su labio inferior\u2026","rel":"","context":"En \u00abSin categor\u00eda\u00bb","img":{"alt_text":"siria menesianos","src":"https:\/\/i0.wp.com\/d3ustg7s7bf7i9.cloudfront.net\/mmediafiles\/pl\/58\/58089ffa-acd2-492e-9013-96af35021cdd_749_499.jpg?resize=350%2C200","width":350,"height":200},"classes":[]},{"id":5235,"url":"http:\/\/www.blogsmenesiano.com\/siconocierascomoteama\/2018\/09\/10\/una-historia-que-broto-desde-el-corazon\/","url_meta":{"origin":10467,"position":4},"title":"UNA HISTORIA QUE BROT\u00d3 DESDE EL CORAZ\u00d3N","date":"10 septiembre, 2018","format":false,"excerpt":"Bienvenidos al cole !!! Esperamos que hay\u00e1is disfrutado de las vacaciones y hayan sido un regalo para todos, seguro que vosotros hab\u00e9is sido un regalo para muchos. Este curso tiene algo especial, !! 200 a\u00f1os !!! Qu\u00e9 viejos somos ;-)\u00a0 \u00bfQui\u00e9n cumple 200 a\u00f1os? Nosotros, si nosotros. T\u00fa tambi\u00e9n. Todos\u2026","rel":"","context":"En \u00abSin categor\u00eda\u00bb","img":{"alt_text":"","src":"https:\/\/i0.wp.com\/img.youtube.com\/vi\/g1IzVcB-DiU\/0.jpg?resize=350%2C200","width":350,"height":200},"classes":[]},{"id":4972,"url":"http:\/\/www.blogsmenesiano.com\/siconocierascomoteama\/2018\/03\/23\/placa-de-honor-alfonso-x\/","url_meta":{"origin":10467,"position":5},"title":"PLACA DE HONOR ALFONSO X","date":"23 marzo, 2018","format":false,"excerpt":"Placa de Honor de Alfonso X para el colegio Menesianos de Santo Domingo https:\/\/youtu.be\/W-j-Ic_36Z4 Logro\u00f1o, 21 mar (EFE).- El Gobierno espa\u00f1ol ha concedido la Placa de Honor de la Orden Civil de Alfonso X el Sabio a dos ayuntamientos y 4 centros educativos espa\u00f1oles, entre ellos el colegio Menesianos de\u2026","rel":"","context":"En \u00abSin categor\u00eda\u00bb","img":{"alt_text":"","src":"https:\/\/i0.wp.com\/img.youtube.com\/vi\/W-j-Ic_36Z4\/0.jpg?resize=350%2C200","width":350,"height":200},"classes":[]}],"_links":{"self":[{"href":"http:\/\/www.blogsmenesiano.com\/siconocierascomoteama\/wp-json\/wp\/v2\/posts\/10467"}],"collection":[{"href":"http:\/\/www.blogsmenesiano.com\/siconocierascomoteama\/wp-json\/wp\/v2\/posts"}],"about":[{"href":"http:\/\/www.blogsmenesiano.com\/siconocierascomoteama\/wp-json\/wp\/v2\/types\/post"}],"author":[{"embeddable":true,"href":"http:\/\/www.blogsmenesiano.com\/siconocierascomoteama\/wp-json\/wp\/v2\/users\/60"}],"replies":[{"embeddable":true,"href":"http:\/\/www.blogsmenesiano.com\/siconocierascomoteama\/wp-json\/wp\/v2\/comments?post=10467"}],"version-history":[{"count":3,"href":"http:\/\/www.blogsmenesiano.com\/siconocierascomoteama\/wp-json\/wp\/v2\/posts\/10467\/revisions"}],"predecessor-version":[{"id":10471,"href":"http:\/\/www.blogsmenesiano.com\/siconocierascomoteama\/wp-json\/wp\/v2\/posts\/10467\/revisions\/10471"}],"wp:attachment":[{"href":"http:\/\/www.blogsmenesiano.com\/siconocierascomoteama\/wp-json\/wp\/v2\/media?parent=10467"}],"wp:term":[{"taxonomy":"category","embeddable":true,"href":"http:\/\/www.blogsmenesiano.com\/siconocierascomoteama\/wp-json\/wp\/v2\/categories?post=10467"},{"taxonomy":"post_tag","embeddable":true,"href":"http:\/\/www.blogsmenesiano.com\/siconocierascomoteama\/wp-json\/wp\/v2\/tags?post=10467"}],"curies":[{"name":"wp","href":"https:\/\/api.w.org\/{rel}","templated":true}]}}