{"id":10498,"date":"2025-04-29T00:01:41","date_gmt":"2025-04-28T23:01:41","guid":{"rendered":"http:\/\/www.blogsmenesiano.com\/siconocierascomoteama\/?p=10498"},"modified":"2025-04-28T22:24:53","modified_gmt":"2025-04-28T21:24:53","slug":"el-mundo-con-vos-puede-ser-distinto","status":"publish","type":"post","link":"http:\/\/www.blogsmenesiano.com\/siconocierascomoteama\/2025\/04\/29\/el-mundo-con-vos-puede-ser-distinto\/","title":{"rendered":"EL MUNDO CON VOS PUEDE SER DISTINTO"},"content":{"rendered":"<p>https:\/\/www.youtube.com\/shorts\/Y5MQymcWEhQ<\/p>\n<div style=\"padding-bottom:20px; padding-top:10px;\" class=\"hupso-share-buttons\"><!-- Hupso Share Buttons - https:\/\/www.hupso.com\/share\/ --><a class=\"hupso_counters\" href=\"https:\/\/www.hupso.com\/share\/\"><img src=\"https:\/\/i0.wp.com\/static.hupso.com\/share\/buttons\/lang\/es\/share-small.png?w=676\" style=\"border:0px; padding-top:2px; float:left;\" alt=\"Share Button\" data-recalc-dims=\"1\"\/><\/a><script type=\"text\/javascript\">var hupso_services_c=new Array(\"twitter\",\"facebook_like\",\"facebook_send\");var hupso_counters_lang = \"es_ES\";var hupso_image_folder_url = \"\";var hupso_url_c=\"\";var hupso_title_c=\"EL%20MUNDO%20CON%20VOS%20PUEDE%20SER%20DISTINTO\";<\/script><script type=\"text\/javascript\" src=\"http:\/\/static.hupso.com\/share\/js\/counters.js\"><\/script><!-- Hupso Share Buttons --><\/div>","protected":false},"excerpt":{"rendered":"<p>https:\/\/www.youtube.com\/shorts\/Y5MQymcWEhQ<\/p>\n<div style=\"padding-bottom:20px; padding-top:10px;\" class=\"hupso-share-buttons\"><!-- Hupso Share Buttons - https:\/\/www.hupso.com\/share\/ --><a class=\"hupso_counters\" href=\"https:\/\/www.hupso.com\/share\/\"><img src=\"http:\/\/static.hupso.com\/share\/buttons\/lang\/es\/share-small.png\" style=\"border:0px; padding-top:2px; float:left;\" alt=\"Share Button\"\/><\/a><script type=\"text\/javascript\">var hupso_services_c=new Array(\"twitter\",\"facebook_like\",\"facebook_send\");var hupso_counters_lang = \"es_ES\";var hupso_image_folder_url = \"\";var hupso_url_c=\"\";var hupso_title_c=\"EL%20MUNDO%20CON%20VOS%20PUEDE%20SER%20DISTINTO\";<\/script><script type=\"text\/javascript\" src=\"http:\/\/static.hupso.com\/share\/js\/counters.js\"><\/script><!-- Hupso Share Buttons --><\/div>","protected":false},"author":60,"featured_media":0,"comment_status":"open","ping_status":"open","sticky":false,"template":"","format":"standard","meta":{"jetpack_publicize_message":"","jetpack_is_tweetstorm":false,"jetpack_publicize_feature_enabled":true},"categories":[1],"tags":[],"jetpack_publicize_connections":[],"jetpack_featured_media_url":"","jetpack_sharing_enabled":true,"jetpack_shortlink":"https:\/\/wp.me\/p3YjJm-2Jk","jetpack_likes_enabled":true,"jetpack-related-posts":[{"id":10566,"url":"http:\/\/www.blogsmenesiano.com\/siconocierascomoteama\/2025\/11\/04\/celebrar-el-ser-diferentes\/","url_meta":{"origin":10498,"position":0},"title":"CELEBRAR EL SER DIFERENTES","date":"4 noviembre, 2025","format":false,"excerpt":"https:\/\/www.youtube.com\/shorts\/muGaqvgOC5Y","rel":"","context":"En \u00abSin categor\u00eda\u00bb","img":{"alt_text":"","src":"https:\/\/i0.wp.com\/img.youtube.com\/vi\/\/0.jpg?resize=350%2C200","width":350,"height":200},"classes":[]},{"id":11077,"url":"http:\/\/www.blogsmenesiano.com\/siconocierascomoteama\/2026\/04\/20\/escuchar-el-corazon-para-transformar-el-mundo\/","url_meta":{"origin":10498,"position":1},"title":"\u00a0ESCUCHAR EL CORAZ\u00d3N PARA TRANSFORMAR EL MUNDO","date":"20 abril, 2026","format":false,"excerpt":"Comenzamos esta semana especial pregunt\u00e1ndonos qu\u00e9 es eso de la \"vocaci\u00f3n\". No es solo elegir un trabajo, es descubrir qu\u00e9 m\u00fasica suena dentro de nosotros y c\u00f3mo esa m\u00fasica puede ayudar a los dem\u00e1s. La vocaci\u00f3n es el motor que nos impulsa a ser agentes de cambio en nuestra \"casa\u2026","rel":"","context":"En \u00abSin categor\u00eda\u00bb","img":{"alt_text":"","src":"https:\/\/i0.wp.com\/img.youtube.com\/vi\/uaWA2GbcnJU\/0.jpg?resize=350%2C200","width":350,"height":200},"classes":[]},{"id":10836,"url":"http:\/\/www.blogsmenesiano.com\/siconocierascomoteama\/2025\/12\/10\/un-deseo-que-solo-dios-puede-satisfacer\/","url_meta":{"origin":10498,"position":2},"title":"UN DESEO QUE SOLO DIOS PUEDE SATISFACER","date":"10 diciembre, 2025","format":false,"excerpt":"AUDITOR\u00cdA\u00a0(completar por el educador) https:\/\/www.youtube.com\/shorts\/fj-bDbHHvfQ","rel":"","context":"En \u00abSin categor\u00eda\u00bb","img":{"alt_text":"","src":"https:\/\/i0.wp.com\/img.youtube.com\/vi\/\/0.jpg?resize=350%2C200","width":350,"height":200},"classes":[]},{"id":7916,"url":"http:\/\/www.blogsmenesiano.com\/siconocierascomoteama\/2021\/05\/07\/con-la-fuerza-del-amor\/","url_meta":{"origin":10498,"position":3},"title":"Con la fuerza del amor","date":"7 mayo, 2021","format":false,"excerpt":"Jes\u00fas dijo a sus disc\u00edpulos: \u201cComo el Padre me ha amado, as\u00ed os he amado yo; permaneced en mi amor\u201d. (Jn 15,9) Jes\u00fas me ha elegido a m\u00ed, te ha elegido a ti, para que actualices en tu vida este Evangelio y ames como \u00c9l nos ama. El mundo puede\u2026","rel":"","context":"En \u00abSin categor\u00eda\u00bb","img":{"alt_text":"","src":"https:\/\/i0.wp.com\/img.youtube.com\/vi\/FFt4Eetik_k\/0.jpg?resize=350%2C200","width":350,"height":200},"classes":[]},{"id":3222,"url":"http:\/\/www.blogsmenesiano.com\/siconocierascomoteama\/2016\/01\/18\/si-estos-idiotas-supieran\/","url_meta":{"origin":10498,"position":4},"title":"Si estos idiotas supieran&#8230;","date":"18 enero, 2016","format":false,"excerpt":"\u00bfQu\u00e9 sabe Pablo L\u00f3pez? \u00bfA qui\u00e9n llama idiota? \u00bfQu\u00e9 nos quiere contar con esta canci\u00f3n? \"La tolerancia es el fundamento para convivir en paz, entendiendo que en el mundo somos diferentes\". \"El amor es la fuerza m\u00e1s humilde y poderosa de que dispone el ser humano\" https:\/\/www.youtube.com\/watch?v=cKjUALPwNBU","rel":"","context":"En \u00abSin categor\u00eda\u00bb","img":{"alt_text":"","src":"https:\/\/i0.wp.com\/img.youtube.com\/vi\/cKjUALPwNBU\/0.jpg?resize=350%2C200","width":350,"height":200},"classes":[]},{"id":11080,"url":"http:\/\/www.blogsmenesiano.com\/siconocierascomoteama\/2026\/04\/21\/mas-que-lo-que-haces-importa-quien-eres\/","url_meta":{"origin":10498,"position":5},"title":"\u00a0M\u00c1S QUE LO QUE HACES, IMPORTA QUI\u00c9N ERES","date":"21 abril, 2026","format":false,"excerpt":"A veces nos preguntan: \"\u00bfQu\u00e9 quieres ser de mayor?\". Pero la pregunta menesiana es: \"\u00bfQui\u00e9n quieres SER?\". Dios tiene un sue\u00f1o para cada uno de nosotros, un talento especial que nos hace brillar. Ser vocacionado es descubrir ese regalo y atreverse a compartirlo con el mundo. https:\/\/www.youtube.com\/watch?v=foRUY2l4-3I","rel":"","context":"En \u00abSin categor\u00eda\u00bb","img":{"alt_text":"","src":"https:\/\/i0.wp.com\/img.youtube.com\/vi\/foRUY2l4-3I\/0.jpg?resize=350%2C200","width":350,"height":200},"classes":[]}],"_links":{"self":[{"href":"http:\/\/www.blogsmenesiano.com\/siconocierascomoteama\/wp-json\/wp\/v2\/posts\/10498"}],"collection":[{"href":"http:\/\/www.blogsmenesiano.com\/siconocierascomoteama\/wp-json\/wp\/v2\/posts"}],"about":[{"href":"http:\/\/www.blogsmenesiano.com\/siconocierascomoteama\/wp-json\/wp\/v2\/types\/post"}],"author":[{"embeddable":true,"href":"http:\/\/www.blogsmenesiano.com\/siconocierascomoteama\/wp-json\/wp\/v2\/users\/60"}],"replies":[{"embeddable":true,"href":"http:\/\/www.blogsmenesiano.com\/siconocierascomoteama\/wp-json\/wp\/v2\/comments?post=10498"}],"version-history":[{"count":1,"href":"http:\/\/www.blogsmenesiano.com\/siconocierascomoteama\/wp-json\/wp\/v2\/posts\/10498\/revisions"}],"predecessor-version":[{"id":10499,"href":"http:\/\/www.blogsmenesiano.com\/siconocierascomoteama\/wp-json\/wp\/v2\/posts\/10498\/revisions\/10499"}],"wp:attachment":[{"href":"http:\/\/www.blogsmenesiano.com\/siconocierascomoteama\/wp-json\/wp\/v2\/media?parent=10498"}],"wp:term":[{"taxonomy":"category","embeddable":true,"href":"http:\/\/www.blogsmenesiano.com\/siconocierascomoteama\/wp-json\/wp\/v2\/categories?post=10498"},{"taxonomy":"post_tag","embeddable":true,"href":"http:\/\/www.blogsmenesiano.com\/siconocierascomoteama\/wp-json\/wp\/v2\/tags?post=10498"}],"curies":[{"name":"wp","href":"https:\/\/api.w.org\/{rel}","templated":true}]}}