{"id":10994,"date":"2026-03-10T00:01:00","date_gmt":"2026-03-09T23:01:00","guid":{"rendered":"http:\/\/www.blogsmenesiano.com\/siconocierascomoteama\/?p=10994"},"modified":"2026-03-04T11:32:52","modified_gmt":"2026-03-04T10:32:52","slug":"la-diversidad-y-la-discapacidad-es-riqueza","status":"publish","type":"post","link":"http:\/\/www.blogsmenesiano.com\/siconocierascomoteama\/2026\/03\/10\/la-diversidad-y-la-discapacidad-es-riqueza\/","title":{"rendered":"LA DIVERSIDAD Y LA DISCAPACIDAD ES RIQUEZA"},"content":{"rendered":"<p><iframe loading=\"lazy\" title=\"El conmovedor discurso de Miriam Garlo, Biznaga a la mejor actriz del Festival de M\u00e1laga\" width=\"563\" height=\"1000\" src=\"https:\/\/www.youtube.com\/embed\/OoFqoEEyB9o?feature=oembed\" frameborder=\"0\" allow=\"accelerometer; autoplay; clipboard-write; encrypted-media; gyroscope; picture-in-picture; web-share\" referrerpolicy=\"strict-origin-when-cross-origin\" allowfullscreen><\/iframe><\/p>\n<div style=\"padding-bottom:20px; padding-top:10px;\" class=\"hupso-share-buttons\"><!-- Hupso Share Buttons - https:\/\/www.hupso.com\/share\/ --><a class=\"hupso_counters\" href=\"https:\/\/www.hupso.com\/share\/\"><img src=\"https:\/\/i0.wp.com\/static.hupso.com\/share\/buttons\/lang\/es\/share-small.png?w=676\" style=\"border:0px; padding-top:2px; float:left;\" alt=\"Share Button\" data-recalc-dims=\"1\"\/><\/a><script type=\"text\/javascript\">var hupso_services_c=new Array(\"twitter\",\"facebook_like\",\"facebook_send\");var hupso_counters_lang = \"es_ES\";var hupso_image_folder_url = \"\";var hupso_url_c=\"\";var hupso_title_c=\"LA%20DIVERSIDAD%20Y%20LA%20DISCAPACIDAD%20ES%20RIQUEZA\";<\/script><script type=\"text\/javascript\" src=\"http:\/\/static.hupso.com\/share\/js\/counters.js\"><\/script><!-- Hupso Share Buttons --><\/div>","protected":false},"excerpt":{"rendered":"<div style=\"padding-bottom:20px; padding-top:10px;\" class=\"hupso-share-buttons\"><!-- Hupso Share Buttons - https:\/\/www.hupso.com\/share\/ --><a class=\"hupso_counters\" href=\"https:\/\/www.hupso.com\/share\/\"><img src=\"http:\/\/static.hupso.com\/share\/buttons\/lang\/es\/share-small.png\" style=\"border:0px; padding-top:2px; float:left;\" alt=\"Share Button\"\/><\/a><script type=\"text\/javascript\">var hupso_services_c=new Array(\"twitter\",\"facebook_like\",\"facebook_send\");var hupso_counters_lang = \"es_ES\";var hupso_image_folder_url = \"\";var hupso_url_c=\"\";var hupso_title_c=\"LA%20DIVERSIDAD%20Y%20LA%20DISCAPACIDAD%20ES%20RIQUEZA\";<\/script><script type=\"text\/javascript\" src=\"http:\/\/static.hupso.com\/share\/js\/counters.js\"><\/script><!-- Hupso Share Buttons --><\/div>","protected":false},"author":60,"featured_media":0,"comment_status":"open","ping_status":"open","sticky":false,"template":"","format":"standard","meta":{"jetpack_publicize_message":"","jetpack_is_tweetstorm":false,"jetpack_publicize_feature_enabled":true},"categories":[1],"tags":[],"jetpack_publicize_connections":[],"jetpack_featured_media_url":"","jetpack_sharing_enabled":true,"jetpack_shortlink":"https:\/\/wp.me\/p3YjJm-2Rk","jetpack_likes_enabled":true,"jetpack-related-posts":[{"id":6042,"url":"http:\/\/www.blogsmenesiano.com\/siconocierascomoteama\/2019\/12\/03\/discriminas-o-respetas\/","url_meta":{"origin":10994,"position":0},"title":"\u00bfDISCRIMINAS O RESPETAS?","date":"3 diciembre, 2019","format":false,"excerpt":"3 de diciembre: D\u00eda Internacional de las personas con Discapacidad La discapacidad es una condici\u00f3n que afecta el nivel de vida de un individuo o de un grupo. El t\u00e9rmino se usa para definir una deficiencia f\u00edsica o mental, como la discapacidad sensorial, cognitiva o intelectual, la enfermedad mental o\u2026","rel":"","context":"En \u00abSin categor\u00eda\u00bb","img":{"alt_text":"","src":"","width":0,"height":0},"classes":[]},{"id":7929,"url":"http:\/\/www.blogsmenesiano.com\/siconocierascomoteama\/2021\/05\/18\/losprodigiososdeecovidrio\/","url_meta":{"origin":10994,"position":1},"title":"#LosProdigiososDeEcovidrio","date":"18 mayo, 2021","format":false,"excerpt":"El d\u00eda 17 de mayo se celebra el D\u00eda Mundial del Reciclaje. Ecovidrio es la entidad sin \u00e1nimo de lucro encargada de gestionar el reciclado de todos los residuos de envases de vidrio en Espa\u00f1a. PRODIS es una Fundaci\u00f3n que trabaja con personas con discapacidad intelectual y sus familias, apoyando\u2026","rel":"","context":"En \u00abSin categor\u00eda\u00bb","img":{"alt_text":"","src":"https:\/\/i0.wp.com\/img.youtube.com\/vi\/EI2tULbn31k\/0.jpg?resize=350%2C200","width":350,"height":200},"classes":[]},{"id":7935,"url":"http:\/\/www.blogsmenesiano.com\/siconocierascomoteama\/2021\/12\/01\/because-who-is-perfect\/","url_meta":{"origin":10994,"position":2},"title":"Because who is perfect?","date":"1 diciembre, 2021","format":false,"excerpt":"Porque \u00bfqui\u00e9n es perfecto?\u00a0lo hizo la ONG suiza\u00a0Pro Infirmis\u00a0para cuestionar el concepto de \"perfecci\u00f3n\". Recrea maniqu\u00edes con discapacidad para mostrar que no todos somos iguales. https:\/\/www.youtube.com\/watch?v=cDw3jZ9cvEk \u00a0","rel":"","context":"En \u00abSin categor\u00eda\u00bb","img":{"alt_text":"","src":"https:\/\/i0.wp.com\/img.youtube.com\/vi\/cDw3jZ9cvEk\/0.jpg?resize=350%2C200","width":350,"height":200},"classes":[]},{"id":5438,"url":"http:\/\/www.blogsmenesiano.com\/siconocierascomoteama\/2019\/01\/11\/trazos-de-vida\/","url_meta":{"origin":10994,"position":3},"title":"Trazos de vida","date":"11 enero, 2019","format":false,"excerpt":"6 artistas y 6 j\u00f3venes con discapacidad se juntan para crear trazos de vida Seis j\u00f3venes artistas espa\u00f1oles se ha reunido con seis j\u00f3venes cuya discapacidad no ha supuesto un l\u00edmite para alcanzar sus sue\u00f1os. De esos seis encuentros han surgido unas obras de arte que representan la importancia de\u2026","rel":"","context":"En \u00abSin categor\u00eda\u00bb","img":{"alt_text":"","src":"","width":0,"height":0},"classes":[]},{"id":10153,"url":"http:\/\/www.blogsmenesiano.com\/siconocierascomoteama\/2024\/11\/04\/estoy-cerca\/","url_meta":{"origin":10994,"position":4},"title":"ESTOY CERCA","date":"4 noviembre, 2024","format":false,"excerpt":"Hoy nos unimos al sufrimiento y a la esperanza, al dolor y a la solidaridad, a la perdida inconsolable y al agradecimiento por seguir con vida... Nos hacemos cercanos a las personas que est\u00e1n viviendo los efectos de la DANA,. Por ellos oramos y nos ofrecemos a ayudar como creativamente\u2026","rel":"","context":"En \u00abSin categor\u00eda\u00bb","img":{"alt_text":"","src":"https:\/\/i0.wp.com\/www.blogsmenesiano.com\/siconocierascomoteama\/wp-content\/uploads\/sites\/8\/2024\/11\/Captura-de-pantalla-2024-11-01-a-las-22.39.14.png?resize=350%2C200","width":350,"height":200},"classes":[]},{"id":10324,"url":"http:\/\/www.blogsmenesiano.com\/siconocierascomoteama\/2025\/02\/14\/compartir-es-nuestra-mayor-riqueza\/","url_meta":{"origin":10994,"position":5},"title":"COMPARTIR ES NUESTRA MAYOR RIQUEZA","date":"14 febrero, 2025","format":false,"excerpt":"https:\/\/www.youtube.com\/watch?v=RDR8NUWBPtU","rel":"","context":"En \u00abSin categor\u00eda\u00bb","img":{"alt_text":"","src":"https:\/\/i0.wp.com\/img.youtube.com\/vi\/RDR8NUWBPtU\/0.jpg?resize=350%2C200","width":350,"height":200},"classes":[]}],"_links":{"self":[{"href":"http:\/\/www.blogsmenesiano.com\/siconocierascomoteama\/wp-json\/wp\/v2\/posts\/10994"}],"collection":[{"href":"http:\/\/www.blogsmenesiano.com\/siconocierascomoteama\/wp-json\/wp\/v2\/posts"}],"about":[{"href":"http:\/\/www.blogsmenesiano.com\/siconocierascomoteama\/wp-json\/wp\/v2\/types\/post"}],"author":[{"embeddable":true,"href":"http:\/\/www.blogsmenesiano.com\/siconocierascomoteama\/wp-json\/wp\/v2\/users\/60"}],"replies":[{"embeddable":true,"href":"http:\/\/www.blogsmenesiano.com\/siconocierascomoteama\/wp-json\/wp\/v2\/comments?post=10994"}],"version-history":[{"count":1,"href":"http:\/\/www.blogsmenesiano.com\/siconocierascomoteama\/wp-json\/wp\/v2\/posts\/10994\/revisions"}],"predecessor-version":[{"id":10995,"href":"http:\/\/www.blogsmenesiano.com\/siconocierascomoteama\/wp-json\/wp\/v2\/posts\/10994\/revisions\/10995"}],"wp:attachment":[{"href":"http:\/\/www.blogsmenesiano.com\/siconocierascomoteama\/wp-json\/wp\/v2\/media?parent=10994"}],"wp:term":[{"taxonomy":"category","embeddable":true,"href":"http:\/\/www.blogsmenesiano.com\/siconocierascomoteama\/wp-json\/wp\/v2\/categories?post=10994"},{"taxonomy":"post_tag","embeddable":true,"href":"http:\/\/www.blogsmenesiano.com\/siconocierascomoteama\/wp-json\/wp\/v2\/tags?post=10994"}],"curies":[{"name":"wp","href":"https:\/\/api.w.org\/{rel}","templated":true}]}}