{"id":11003,"date":"2026-03-08T17:17:01","date_gmt":"2026-03-08T16:17:01","guid":{"rendered":"http:\/\/www.blogsmenesiano.com\/siconocierascomoteama\/?p=11003"},"modified":"2026-03-08T17:17:01","modified_gmt":"2026-03-08T16:17:01","slug":"pon-en-mi-tu-corazon","status":"publish","type":"post","link":"http:\/\/www.blogsmenesiano.com\/siconocierascomoteama\/2026\/03\/08\/pon-en-mi-tu-corazon\/","title":{"rendered":"Pon en m\u00ed tu coraz\u00f3n"},"content":{"rendered":"<p>Todo este tiempo de Cuaresma que estamos viviendo es una oportunidad de mirar a Jes\u00fas y ver c\u00f3mo actuaba \u00e9l, para aprender a hacer nosotros algo parecido.<br \/>\nHoy le vamos a pedir a Jes\u00fas, en este momento de la ma\u00f1ana, que mire nuestro coraz\u00f3n.<br \/>\nY que cambie lo que est\u00e1 un poco insensible y no nos deja querer y cuidar a los dem\u00e1s y a nosotros mismos como lo har\u00eda Jes\u00fas.<br \/>\nLo hacemos mirando un ratito a la imagen\u2026<\/p>\n<p>Despu\u00e9s hacemos juntos, despacito, esta ORACI\u00d3N<strong>: \u201cRenu\u00e9vame\u201d<\/p>\n<p><em>Renu\u00e9vame, Se\u00f1or Jes\u00fas,<br \/>\npon en m\u00ed tu coraz\u00f3n<br \/>\npara que mi coraz\u00f3n se parezca m\u00e1s al tuyo,<br \/>\npara que sepa perdonar,<br \/>\npara que sea generoso y amable.<\/p>\n<p>Renu\u00e9vame, Se\u00f1or Jes\u00fas,<br \/>\npon en m\u00ed tu coraz\u00f3n<br \/>\npara que aprenda a tratar a todos<br \/>\ncon cari\u00f1o, como lo hac\u00edas t\u00fa.<\/p>\n<p>Renu\u00e9vame, Se\u00f1or Jes\u00fas,<br \/>\npon en m\u00ed tu coraz\u00f3n<br \/>\npara que escuche m\u00e1s<br \/>\npara que est\u00e9 m\u00e1s atento<br \/>\ny cuide mejor de los que est\u00e1n tristes y solos.<\/p>\n<p>Renu\u00e9vame, Se\u00f1or Jes\u00fas,<br \/>\npon en m\u00ed tu coraz\u00f3n. Am\u00e9n<\/em><\/p>\n<p><\/strong><\/p>\n<div style=\"padding-bottom:20px; padding-top:10px;\" class=\"hupso-share-buttons\"><!-- Hupso Share Buttons - https:\/\/www.hupso.com\/share\/ --><a class=\"hupso_counters\" href=\"https:\/\/www.hupso.com\/share\/\"><img src=\"https:\/\/i0.wp.com\/static.hupso.com\/share\/buttons\/lang\/es\/share-small.png?w=676\" style=\"border:0px; padding-top:2px; float:left;\" alt=\"Share Button\" data-recalc-dims=\"1\"\/><\/a><script type=\"text\/javascript\">var hupso_services_c=new Array(\"twitter\",\"facebook_like\",\"facebook_send\");var hupso_counters_lang = \"es_ES\";var hupso_image_folder_url = \"\";var hupso_url_c=\"\";var hupso_title_c=\"Pon%20en%20m%C3%AD%20tu%20coraz%C3%B3n\";<\/script><script type=\"text\/javascript\" src=\"http:\/\/static.hupso.com\/share\/js\/counters.js\"><\/script><!-- Hupso Share Buttons --><\/div>","protected":false},"excerpt":{"rendered":"<p>Todo este tiempo de Cuaresma que estamos viviendo es una oportunidad de mirar a Jes\u00fas y ver c\u00f3mo actuaba \u00e9l, para aprender a hacer nosotros algo parecido. Hoy le vamos a pedir a Jes\u00fas, en este momento de la ma\u00f1ana, que mire nuestro coraz\u00f3n. Y que cambie lo que est\u00e1 un poco insensible y no &hellip; <a href=\"http:\/\/www.blogsmenesiano.com\/siconocierascomoteama\/2026\/03\/08\/pon-en-mi-tu-corazon\/\" class=\"more-link\">Sigue leyendo <span class=\"screen-reader-text\">Pon en m\u00ed tu coraz\u00f3n<\/span><\/a><\/p>\n<div style=\"padding-bottom:20px; padding-top:10px;\" class=\"hupso-share-buttons\"><!-- Hupso Share Buttons - https:\/\/www.hupso.com\/share\/ --><a class=\"hupso_counters\" href=\"https:\/\/www.hupso.com\/share\/\"><img src=\"http:\/\/static.hupso.com\/share\/buttons\/lang\/es\/share-small.png\" style=\"border:0px; padding-top:2px; float:left;\" alt=\"Share Button\"\/><\/a><script type=\"text\/javascript\">var hupso_services_c=new Array(\"twitter\",\"facebook_like\",\"facebook_send\");var hupso_counters_lang = \"es_ES\";var hupso_image_folder_url = \"\";var hupso_url_c=\"\";var hupso_title_c=\"Pon%20en%20m%C3%AD%20tu%20coraz%C3%B3n\";<\/script><script type=\"text\/javascript\" src=\"http:\/\/static.hupso.com\/share\/js\/counters.js\"><\/script><!-- Hupso Share Buttons --><\/div>","protected":false},"author":60,"featured_media":0,"comment_status":"open","ping_status":"open","sticky":false,"template":"","format":"standard","meta":{"jetpack_publicize_message":"","jetpack_is_tweetstorm":false,"jetpack_publicize_feature_enabled":true},"categories":[1],"tags":[],"jetpack_publicize_connections":[],"jetpack_featured_media_url":"","jetpack_sharing_enabled":true,"jetpack_shortlink":"https:\/\/wp.me\/p3YjJm-2Rt","jetpack_likes_enabled":true,"jetpack-related-posts":[{"id":7712,"url":"http:\/\/www.blogsmenesiano.com\/siconocierascomoteama\/2021\/03\/01\/tu-mejor-version\/","url_meta":{"origin":11003,"position":0},"title":"Tu mejor versi\u00f3n","date":"1 marzo, 2021","format":false,"excerpt":"Nico Montero es un cantautor cristiano que nos invita, con esta canci\u00f3n, a ser la mejor versi\u00f3n de nosotros mismos y transformar nuestra mente y nuestro coraz\u00f3n. ES LA HORA DE CAMBIAR, ES EL TIEMPO DE TRANSFORMAR NUESTRA MENTE Y NUESTRO CORAZ\u00d3N CONVI\u00c9RTETE EN TU MEJOR VERSI\u00d3N (2) Reconc\u00edliate y\u2026","rel":"","context":"En \u00abSin categor\u00eda\u00bb","img":{"alt_text":"","src":"","width":0,"height":0},"classes":[]},{"id":6407,"url":"http:\/\/www.blogsmenesiano.com\/siconocierascomoteama\/2020\/02\/10\/modo-vida\/","url_meta":{"origin":11003,"position":1},"title":"Modo Vida","date":"10 febrero, 2020","format":false,"excerpt":"Pon tu celular en \u201cmodo vida\u201d. Santiago Benavides PON TU CELULAR EN MODO AMIGO, EN MODO AMOR, EN MODO HERMANO, EN MODO HIJO. SI NO QUIERES QUEDAR SIN BATER\u00cdA PON TU CELULAR EN MODO VIDA. (2) Qu\u00e9 tal si nos sentamos a charlar qu\u00e9 tal si nos comemos un helado\u2026","rel":"","context":"En \u00abSin categor\u00eda\u00bb","img":{"alt_text":"","src":"","width":0,"height":0},"classes":[]},{"id":2738,"url":"http:\/\/www.blogsmenesiano.com\/siconocierascomoteama\/2015\/05\/24\/ven-espiritu-santo\/","url_meta":{"origin":11003,"position":2},"title":"Ven Esp\u00edritu Santo","date":"24 mayo, 2015","format":false,"excerpt":"INVOCACI\u00d3N AL ESP\u00cdRITU SANTO EN TIEMPOS DE DISCERNIMIENTO (Para hacerla en comunidad en perspectiva de b\u00fasqueda) Ven, Esp\u00edritu Santo.\u00a0Despierta nuestra fe d\u00e9bil, peque\u00f1a y vacilante. Ens\u00e9\u00f1anos a vivir\u00a0confiando en el amor insondable que Dios, nuestro Padre, tiene a todos sus hijos e hijas sin excluir a\u00a0nadie\u2026. Si se apaga esta\u2026","rel":"","context":"En \u00abSin categor\u00eda\u00bb","img":{"alt_text":"menesianos pentecostes","src":"https:\/\/i0.wp.com\/s-media-cache-ak0.pinimg.com\/736x\/b4\/cc\/c0\/b4ccc010f1d233c90443084bfc6a4bbe.jpg?resize=350%2C200&ssl=1","width":350,"height":200},"classes":[]},{"id":370,"url":"http:\/\/www.blogsmenesiano.com\/siconocierascomoteama\/2023\/04\/14\/puedo-abrazar-a-mi-enemigo\/","url_meta":{"origin":11003,"position":3},"title":"Puedo abrazar a mi enemigo","date":"14 abril, 2023","format":false,"excerpt":"Esta canci\u00f3n explica como cambian las cosas cuando un realmente cree en su resurrecci\u00f3n. (elige un dibujo o una frase que exprese mejor lo que quiere decir la cantante y la comentamos) Yo creo en tu resurrecci\u00f3n porque puedo amar, puedo re\u00edr puedo abrazar mi mayor enemigo y mirarlo en\u2026","rel":"","context":"Entrada similar","img":{"alt_text":"","src":"https:\/\/i0.wp.com\/img.youtube.com\/vi\/wyRxnWqKC0g\/0.jpg?resize=350%2C200","width":350,"height":200},"classes":[]},{"id":6526,"url":"http:\/\/www.blogsmenesiano.com\/siconocierascomoteama\/2020\/03\/30\/se-mi-luz\/","url_meta":{"origin":11003,"position":4},"title":"S\u00c9 MI LUZ","date":"30 marzo, 2020","format":false,"excerpt":"Nueva propuesta para Orar en Casa con Jes\u00fas y Juan Mar\u00eda Una invitaci\u00f3n: escucha la entrevista de Jordi \u00c9vole al Papa Francisco: AUDICI\u00d3N: Te invitamos a escuchar esta canci\u00f3n y dejar que Jes\u00fas toque tu coraz\u00f3n y lo ilumine S\u00e9 mi luz, enciende mi noche, S\u00e9 mi luz, enciende mi\u2026","rel":"","context":"En \u00abSin categor\u00eda\u00bb","img":{"alt_text":"","src":"","width":0,"height":0},"classes":[]},{"id":6619,"url":"http:\/\/www.blogsmenesiano.com\/siconocierascomoteama\/2020\/03\/27\/senor-tu-amigo-esta-enfermo\/","url_meta":{"origin":11003,"position":5},"title":"\u201cSE\u00d1OR, TU AMIGO EST\u00c1 ENFERMO\u201d","date":"27 marzo, 2020","format":false,"excerpt":"En Casa con Jes\u00fas y Juan Mar\u00eda. Propuesta 10 QUIZ\u00c1S LOS CAMBIOS TENGAN QUE EMPEZAR POR CADA UNO DE NOSOTROS\u2026 Una pregunta que muchos nos hacemos. \u00bfCambiar\u00e1 algo despu\u00e9s del Coronavirus? \u00bfCambiaremos como personas? \u00bfMejoraremos como sociedad? \u00bfO seguir\u00e1 todo igual? EVANGELIO del 5 Domingo de Cuaresma En aquel tiempo,\u2026","rel":"","context":"En \u00abSin categor\u00eda\u00bb","img":{"alt_text":"","src":"","width":0,"height":0},"classes":[]}],"_links":{"self":[{"href":"http:\/\/www.blogsmenesiano.com\/siconocierascomoteama\/wp-json\/wp\/v2\/posts\/11003"}],"collection":[{"href":"http:\/\/www.blogsmenesiano.com\/siconocierascomoteama\/wp-json\/wp\/v2\/posts"}],"about":[{"href":"http:\/\/www.blogsmenesiano.com\/siconocierascomoteama\/wp-json\/wp\/v2\/types\/post"}],"author":[{"embeddable":true,"href":"http:\/\/www.blogsmenesiano.com\/siconocierascomoteama\/wp-json\/wp\/v2\/users\/60"}],"replies":[{"embeddable":true,"href":"http:\/\/www.blogsmenesiano.com\/siconocierascomoteama\/wp-json\/wp\/v2\/comments?post=11003"}],"version-history":[{"count":1,"href":"http:\/\/www.blogsmenesiano.com\/siconocierascomoteama\/wp-json\/wp\/v2\/posts\/11003\/revisions"}],"predecessor-version":[{"id":11004,"href":"http:\/\/www.blogsmenesiano.com\/siconocierascomoteama\/wp-json\/wp\/v2\/posts\/11003\/revisions\/11004"}],"wp:attachment":[{"href":"http:\/\/www.blogsmenesiano.com\/siconocierascomoteama\/wp-json\/wp\/v2\/media?parent=11003"}],"wp:term":[{"taxonomy":"category","embeddable":true,"href":"http:\/\/www.blogsmenesiano.com\/siconocierascomoteama\/wp-json\/wp\/v2\/categories?post=11003"},{"taxonomy":"post_tag","embeddable":true,"href":"http:\/\/www.blogsmenesiano.com\/siconocierascomoteama\/wp-json\/wp\/v2\/tags?post=11003"}],"curies":[{"name":"wp","href":"https:\/\/api.w.org\/{rel}","templated":true}]}}