{"id":11009,"date":"2026-03-25T00:01:35","date_gmt":"2026-03-24T23:01:35","guid":{"rendered":"http:\/\/www.blogsmenesiano.com\/siconocierascomoteama\/?p=11009"},"modified":"2026-03-08T22:41:25","modified_gmt":"2026-03-08T21:41:25","slug":"por-los-ninos-con-enfermedades-incurables","status":"publish","type":"post","link":"http:\/\/www.blogsmenesiano.com\/siconocierascomoteama\/2026\/03\/25\/por-los-ninos-con-enfermedades-incurables\/","title":{"rendered":"POR LOS NI\u00d1OS CON ENFERMEDADES INCURABLES"},"content":{"rendered":"<div class=\"jetpack-video-wrapper\"><span class=\"embed-youtube\" style=\"text-align:center; display: block;\"><iframe loading=\"lazy\" class=\"youtube-player\" width=\"676\" height=\"381\" src=\"https:\/\/www.youtube.com\/embed\/D9izGBRbrPE?version=3&#038;rel=1&#038;showsearch=0&#038;showinfo=1&#038;iv_load_policy=1&#038;fs=1&#038;hl=es-ES&#038;autohide=2&#038;wmode=transparent\" allowfullscreen=\"true\" style=\"border:0;\" sandbox=\"allow-scripts allow-same-origin allow-popups allow-presentation\"><\/iframe><\/span><\/div>\n<div style=\"padding-bottom:20px; padding-top:10px;\" class=\"hupso-share-buttons\"><!-- Hupso Share Buttons - https:\/\/www.hupso.com\/share\/ --><a class=\"hupso_counters\" href=\"https:\/\/www.hupso.com\/share\/\"><img src=\"https:\/\/i0.wp.com\/static.hupso.com\/share\/buttons\/lang\/es\/share-small.png?w=676\" style=\"border:0px; padding-top:2px; float:left;\" alt=\"Share Button\" data-recalc-dims=\"1\"\/><\/a><script type=\"text\/javascript\">var hupso_services_c=new Array(\"twitter\",\"facebook_like\",\"facebook_send\");var hupso_counters_lang = \"es_ES\";var hupso_image_folder_url = \"\";var hupso_url_c=\"\";var hupso_title_c=\"POR%20LOS%20NI%C3%91OS%20CON%20ENFERMEDADES%20INCURABLES\";<\/script><script type=\"text\/javascript\" src=\"http:\/\/static.hupso.com\/share\/js\/counters.js\"><\/script><!-- Hupso Share Buttons --><\/div>","protected":false},"excerpt":{"rendered":"<div style=\"padding-bottom:20px; padding-top:10px;\" class=\"hupso-share-buttons\"><!-- Hupso Share Buttons - https:\/\/www.hupso.com\/share\/ --><a class=\"hupso_counters\" href=\"https:\/\/www.hupso.com\/share\/\"><img src=\"http:\/\/static.hupso.com\/share\/buttons\/lang\/es\/share-small.png\" style=\"border:0px; padding-top:2px; float:left;\" alt=\"Share Button\"\/><\/a><script type=\"text\/javascript\">var hupso_services_c=new Array(\"twitter\",\"facebook_like\",\"facebook_send\");var hupso_counters_lang = \"es_ES\";var hupso_image_folder_url = \"\";var hupso_url_c=\"\";var hupso_title_c=\"POR%20LOS%20NI%C3%91OS%20CON%20ENFERMEDADES%20INCURABLES\";<\/script><script type=\"text\/javascript\" src=\"http:\/\/static.hupso.com\/share\/js\/counters.js\"><\/script><!-- Hupso Share Buttons --><\/div>","protected":false},"author":60,"featured_media":0,"comment_status":"open","ping_status":"open","sticky":false,"template":"","format":"standard","meta":{"jetpack_publicize_message":"","jetpack_is_tweetstorm":false,"jetpack_publicize_feature_enabled":true},"categories":[1],"tags":[],"jetpack_publicize_connections":[],"jetpack_featured_media_url":"","jetpack_sharing_enabled":true,"jetpack_shortlink":"https:\/\/wp.me\/p3YjJm-2Rz","jetpack_likes_enabled":true,"jetpack-related-posts":[{"id":6821,"url":"http:\/\/www.blogsmenesiano.com\/siconocierascomoteama\/2020\/04\/29\/gracias-por-cuidarnos-con-tanto-amor\/","url_meta":{"origin":11009,"position":0},"title":"Gracias por cuidarnos con tanto amor","date":"29 abril, 2020","format":false,"excerpt":"M\u00c1XIMA PRIMARIA:\u00a0 \u00a0 FAMILIAS y ESO-BACHILLERATO: En Casa con Jes\u00fas y Juan Mar\u00eda\u00a0\u00a0(H. Jos\u00e9 Antonio Vivas).\u00a0 MI\u00c9RCOLES 29 De parte de todos los ni\u00f1os: gracias a nuestras familias por cuidarnos, a todos los trabajadores que hicieron que no nos faltara de nada. Gracias a nuestros maestros, que mantuvieron la educaci\u00f3n\u2026","rel":"","context":"En \u00abSin categor\u00eda\u00bb","img":{"alt_text":"","src":"","width":0,"height":0},"classes":[]},{"id":10666,"url":"http:\/\/www.blogsmenesiano.com\/siconocierascomoteama\/2025\/09\/23\/salvar-a-mis-ninos\/","url_meta":{"origin":11009,"position":1},"title":"SALVAR A MIS NI\u00d1OS","date":"23 septiembre, 2025","format":false,"excerpt":"Ma\u00f1ana comenzaremos los \u00a1\u00a1 MI\u00c9RCOLES POR LA PAZ !!\u00a0 pero hoy queremos presentarte a cinco ni\u00f1os y su padre m\u00e9dico que nos cuenta su historia, preocupado, mientras ellos sonr\u00eden. https:\/\/www.youtube.com\/watch?v=gRulqCXprm4","rel":"","context":"En \u00abSin categor\u00eda\u00bb","img":{"alt_text":"","src":"https:\/\/i0.wp.com\/img.youtube.com\/vi\/gRulqCXprm4\/0.jpg?resize=350%2C200","width":350,"height":200},"classes":[]},{"id":5921,"url":"http:\/\/www.blogsmenesiano.com\/siconocierascomoteama\/2019\/06\/14\/por-mi-y-por-todos-mis-companeros\/","url_meta":{"origin":11009,"position":2},"title":"\u201cPor m\u00ed y por todos mis compa\u00f1eros\u201d","date":"14 junio, 2019","format":false,"excerpt":"Javier Martos, director ejecutivo de UNICEF Comit\u00e9 Espa\u00f1ol, explica el sentido de la campa\u00f1a: \u201cCuando \u00e9ramos ni\u00f1os y jug\u00e1bamos al escondite, utiliz\u00e1bamos esa frase: \u2018Por m\u00ed y por todos mis compa\u00f1eros\u2019, que representaba un acto de generosidad con nuestros amigos. Ese mismo esp\u00edritu es el que rige la misi\u00f3n de\u2026","rel":"","context":"En \u00abSin categor\u00eda\u00bb","img":{"alt_text":"","src":"","width":0,"height":0},"classes":[]},{"id":8135,"url":"http:\/\/www.blogsmenesiano.com\/siconocierascomoteama\/2021\/10\/04\/dejad-que-los-ninos-se-acerquen-a-mi\/","url_meta":{"origin":11009,"position":3},"title":"DEJAD QUE LOS NI\u00d1OS SE ACERQUEN A MI","date":"4 octubre, 2021","format":false,"excerpt":"https:\/\/www.youtube.com\/watch?v=hEduqaBx25I","rel":"","context":"En \u00abSin categor\u00eda\u00bb","img":{"alt_text":"","src":"https:\/\/i0.wp.com\/img.youtube.com\/vi\/hEduqaBx25I\/0.jpg?resize=350%2C200","width":350,"height":200},"classes":[]},{"id":6951,"url":"http:\/\/www.blogsmenesiano.com\/siconocierascomoteama\/2020\/05\/25\/a-tu-lado\/","url_meta":{"origin":11009,"position":4},"title":"A tu lado","date":"25 mayo, 2020","format":false,"excerpt":"En casa con Mar\u00eda\u00a0 25 mayo: Madre de todos los ni\u00f1os El tesoro m\u00e1s precioso y fr\u00e1gil de nuestro hogar son nuestros ni\u00f1os. Mar\u00eda, extiende tu manto protectora sobre cada uno de ellos. M\u00e1xima para Primaria ENLACE M\u00e1xima ESO-BACH","rel":"","context":"En \u00abSin categor\u00eda\u00bb","img":{"alt_text":"","src":"","width":0,"height":0},"classes":[]},{"id":6178,"url":"http:\/\/www.blogsmenesiano.com\/siconocierascomoteama\/2019\/11\/27\/dia-universal-de-los-derechos-de-los-ninos\/","url_meta":{"origin":11009,"position":5},"title":"20 noviembre. D\u00cdA UNIVERSAL DE LOS DERECHOS DE LOS NI\u00d1OS","date":"27 noviembre, 2019","format":false,"excerpt":"Hace 30 a\u00f1os se aprob\u00f3 la Convenci\u00f3n de las Naciones Unidas sobre los Derechos del Ni\u00f1o, un acontecimiento hist\u00f3rico logr\u00f3 que los Gobiernos reconocieran que los ni\u00f1os tienen los mismos derechos humanos que los adultos y ha sido ratificado por 196 pa\u00edses de la ONU. En un primer momento se\u2026","rel":"","context":"En \u00abSin categor\u00eda\u00bb","img":{"alt_text":"","src":"","width":0,"height":0},"classes":[]}],"_links":{"self":[{"href":"http:\/\/www.blogsmenesiano.com\/siconocierascomoteama\/wp-json\/wp\/v2\/posts\/11009"}],"collection":[{"href":"http:\/\/www.blogsmenesiano.com\/siconocierascomoteama\/wp-json\/wp\/v2\/posts"}],"about":[{"href":"http:\/\/www.blogsmenesiano.com\/siconocierascomoteama\/wp-json\/wp\/v2\/types\/post"}],"author":[{"embeddable":true,"href":"http:\/\/www.blogsmenesiano.com\/siconocierascomoteama\/wp-json\/wp\/v2\/users\/60"}],"replies":[{"embeddable":true,"href":"http:\/\/www.blogsmenesiano.com\/siconocierascomoteama\/wp-json\/wp\/v2\/comments?post=11009"}],"version-history":[{"count":1,"href":"http:\/\/www.blogsmenesiano.com\/siconocierascomoteama\/wp-json\/wp\/v2\/posts\/11009\/revisions"}],"predecessor-version":[{"id":11010,"href":"http:\/\/www.blogsmenesiano.com\/siconocierascomoteama\/wp-json\/wp\/v2\/posts\/11009\/revisions\/11010"}],"wp:attachment":[{"href":"http:\/\/www.blogsmenesiano.com\/siconocierascomoteama\/wp-json\/wp\/v2\/media?parent=11009"}],"wp:term":[{"taxonomy":"category","embeddable":true,"href":"http:\/\/www.blogsmenesiano.com\/siconocierascomoteama\/wp-json\/wp\/v2\/categories?post=11009"},{"taxonomy":"post_tag","embeddable":true,"href":"http:\/\/www.blogsmenesiano.com\/siconocierascomoteama\/wp-json\/wp\/v2\/tags?post=11009"}],"curies":[{"name":"wp","href":"https:\/\/api.w.org\/{rel}","templated":true}]}}