{"id":1559,"date":"2024-03-20T00:01:20","date_gmt":"2024-03-19T23:01:20","guid":{"rendered":"http:\/\/www.blogsmenesiano.com\/siconocierascomoteama\/?p=1559"},"modified":"2024-03-17T12:19:44","modified_gmt":"2024-03-17T11:19:44","slug":"atrevete","status":"publish","type":"post","link":"http:\/\/www.blogsmenesiano.com\/siconocierascomoteama\/2024\/03\/20\/atrevete\/","title":{"rendered":"Atr\u00e9vete"},"content":{"rendered":"<p>No sabemos si el mundo se puede cambiar, pero podemos luchar por intentarlo, comprometernos, empezar.<\/p>\n<p>No sabemos si Dios existe, pero podemos confiar, arriesgar, creer en\u00a0 \u00c9l. \u00a0 ATR\u00c9VETE merece la pena.<\/p>\n<div class=\"jetpack-video-wrapper\"><span class=\"embed-youtube\" style=\"text-align:center; display: block;\"><iframe class=\"youtube-player\" width=\"676\" height=\"381\" src=\"https:\/\/www.youtube.com\/embed\/T-FXwxq0urY?version=3&#038;rel=1&#038;showsearch=0&#038;showinfo=1&#038;iv_load_policy=1&#038;fs=1&#038;hl=es-ES&#038;autohide=2&#038;wmode=transparent\" allowfullscreen=\"true\" style=\"border:0;\" sandbox=\"allow-scripts allow-same-origin allow-popups allow-presentation\"><\/iframe><\/span><\/div>\n<div style=\"padding-bottom:20px; padding-top:10px;\" class=\"hupso-share-buttons\"><!-- Hupso Share Buttons - https:\/\/www.hupso.com\/share\/ --><a class=\"hupso_counters\" href=\"https:\/\/www.hupso.com\/share\/\"><img src=\"https:\/\/i0.wp.com\/static.hupso.com\/share\/buttons\/lang\/es\/share-small.png?w=676\" style=\"border:0px; padding-top:2px; float:left;\" alt=\"Share Button\" data-recalc-dims=\"1\"\/><\/a><script type=\"text\/javascript\">var hupso_services_c=new Array(\"twitter\",\"facebook_like\",\"facebook_send\");var hupso_counters_lang = \"es_ES\";var hupso_image_folder_url = \"\";var hupso_url_c=\"\";var hupso_title_c=\"Atr%C3%A9vete\";<\/script><script type=\"text\/javascript\" src=\"http:\/\/static.hupso.com\/share\/js\/counters.js\"><\/script><!-- Hupso Share Buttons --><\/div>","protected":false},"excerpt":{"rendered":"<p>No sabemos si el mundo se puede cambiar, pero podemos luchar por intentarlo, comprometernos, empezar. No sabemos si Dios existe, pero podemos confiar, arriesgar, creer en\u00a0 \u00c9l. \u00a0 ATR\u00c9VETE merece la pena.<\/p>\n<div style=\"padding-bottom:20px; padding-top:10px;\" class=\"hupso-share-buttons\"><!-- Hupso Share Buttons - https:\/\/www.hupso.com\/share\/ --><a class=\"hupso_counters\" href=\"https:\/\/www.hupso.com\/share\/\"><img src=\"http:\/\/static.hupso.com\/share\/buttons\/lang\/es\/share-small.png\" style=\"border:0px; padding-top:2px; float:left;\" alt=\"Share Button\"\/><\/a><script type=\"text\/javascript\">var hupso_services_c=new Array(\"twitter\",\"facebook_like\",\"facebook_send\");var hupso_counters_lang = \"es_ES\";var hupso_image_folder_url = \"\";var hupso_url_c=\"\";var hupso_title_c=\"Atr%C3%A9vete\";<\/script><script type=\"text\/javascript\" src=\"http:\/\/static.hupso.com\/share\/js\/counters.js\"><\/script><!-- Hupso Share Buttons --><\/div>","protected":false},"author":60,"featured_media":0,"comment_status":"open","ping_status":"open","sticky":false,"template":"","format":"standard","meta":{"jetpack_publicize_message":"","jetpack_is_tweetstorm":false,"jetpack_publicize_feature_enabled":true},"categories":[1],"tags":[],"jetpack_publicize_connections":[],"jetpack_featured_media_url":"","jetpack_sharing_enabled":true,"jetpack_shortlink":"https:\/\/wp.me\/s3YjJm-atrevete","jetpack_likes_enabled":true,"jetpack-related-posts":[{"id":4745,"url":"http:\/\/www.blogsmenesiano.com\/siconocierascomoteama\/2018\/01\/29\/atrevete-a-ser-misioner\/","url_meta":{"origin":1559,"position":0},"title":"Atr\u00e9vete a ser Misioner@","date":"29 enero, 2018","format":false,"excerpt":"En agosto del 2011 llegaron a Bilbao, camino de la JMJ de Madrid, m\u00e1s de 100 j\u00f3venes de Corea del Sur. Tuvimos la suerte de poder acogerlos cuatro d\u00edas en nuestro colegio Berrio-Otxoa. Pero \u00bfc\u00f3mo logramos entendernos con ellos?. Gracias a que les acompa\u00f1aba Esther Palma, la protagonista de este\u2026","rel":"","context":"En \u00abSin categor\u00eda\u00bb","img":{"alt_text":"","src":"https:\/\/i0.wp.com\/img.youtube.com\/vi\/5Tv6VMaPYdM\/0.jpg?resize=350%2C200","width":350,"height":200},"classes":[]},{"id":7327,"url":"http:\/\/www.blogsmenesiano.com\/siconocierascomoteama\/2020\/10\/06\/atrevete-a-conocerme\/","url_meta":{"origin":1559,"position":1},"title":"Atr\u00e9vete a conocerme","date":"6 octubre, 2020","format":false,"excerpt":"Hoy, d\u00eda 6 de octubre, es el D\u00eda Mundial de la Par\u00e1lisis Cerebral. La campa\u00f1a de este a\u00f1o se titula 'Atr\u00e9vete a conocerme' #yomeatrevo\u00a0 El video es de la Confederaci\u00f3n ASPACE.","rel":"","context":"En \u00abSin categor\u00eda\u00bb","img":{"alt_text":"","src":"","width":0,"height":0},"classes":[]},{"id":4430,"url":"http:\/\/www.blogsmenesiano.com\/siconocierascomoteama\/2017\/09\/11\/atrevete-a-pararlo\/","url_meta":{"origin":1559,"position":2},"title":"\u00a1 ATR\u00c9VETE A PARARLO !","date":"11 septiembre, 2017","format":false,"excerpt":"\u00bfEs f\u00e1cil decirle a otro lo que creemos que hace mal, ya sea porque le viene mal a \u00e9l o a otros? \u00bfA qui\u00e9n se lo decimos: a las personas a las que queremos m\u00e1s o a las que menos? https:\/\/www.youtube.com\/watch?v=DhrpeeI0tcg","rel":"","context":"En \u00abSin categor\u00eda\u00bb","img":{"alt_text":"","src":"https:\/\/i0.wp.com\/img.youtube.com\/vi\/DhrpeeI0tcg\/0.jpg?resize=350%2C200","width":350,"height":200},"classes":[]},{"id":559,"url":"http:\/\/www.blogsmenesiano.com\/siconocierascomoteama\/2013\/05\/18\/invitacion-a-la-asamblea-precapitular-y\/","url_meta":{"origin":1559,"position":3},"title":"Invitaci\u00f3n a la Asamblea Precapitular y +","date":"18 mayo, 2013","format":false,"excerpt":"Carta de invitaci\u00f3n a la asamblea (H. Miguel Aristondo). Link para apuntarse a la Asamblea Precapitular. Link para apuntarse al Retiro de verano. \u00a0","rel":"","context":"En \u00abJM\u00aa\u00bb","img":{"alt_text":"","src":"","width":0,"height":0},"classes":[]},{"id":404,"url":"http:\/\/www.blogsmenesiano.com\/siconocierascomoteama\/2013\/04\/13\/la-respuesta-no-es-la-huida\/","url_meta":{"origin":1559,"position":4},"title":"La respuesta no es la hu\u00edda","date":"13 abril, 2013","format":false,"excerpt":"Estamos en tiempo de b\u00fasqueda, de discernimiento, de vuelta a las fuentes para recuperar la ilusi\u00f3n y la fidelidad.Ora y acoge esta invitaci\u00f3n...","rel":"","context":"En \u00abJM\u00aa\u00bb","img":{"alt_text":"","src":"","width":0,"height":0},"classes":[]},{"id":7543,"url":"http:\/\/www.blogsmenesiano.com\/siconocierascomoteama\/2020\/12\/04\/el-camino-que-empieza-en-ti\/","url_meta":{"origin":1559,"position":5},"title":"El camino que empieza en ti","date":"4 diciembre, 2020","format":false,"excerpt":"\u00abPreparad el camino del Se\u00f1or, allanad sus senderos\u00bb. Mc 1,1-8. En el desierto una voz grita: \u00a1M\u00edrate, atr\u00e9vete, sue\u00f1a con algo nuevo, no est\u00e1s solo!. Reconoce el camino que empieza en ti.","rel":"","context":"En \u00abSin categor\u00eda\u00bb","img":{"alt_text":"","src":"","width":0,"height":0},"classes":[]}],"_links":{"self":[{"href":"http:\/\/www.blogsmenesiano.com\/siconocierascomoteama\/wp-json\/wp\/v2\/posts\/1559"}],"collection":[{"href":"http:\/\/www.blogsmenesiano.com\/siconocierascomoteama\/wp-json\/wp\/v2\/posts"}],"about":[{"href":"http:\/\/www.blogsmenesiano.com\/siconocierascomoteama\/wp-json\/wp\/v2\/types\/post"}],"author":[{"embeddable":true,"href":"http:\/\/www.blogsmenesiano.com\/siconocierascomoteama\/wp-json\/wp\/v2\/users\/60"}],"replies":[{"embeddable":true,"href":"http:\/\/www.blogsmenesiano.com\/siconocierascomoteama\/wp-json\/wp\/v2\/comments?post=1559"}],"version-history":[{"count":2,"href":"http:\/\/www.blogsmenesiano.com\/siconocierascomoteama\/wp-json\/wp\/v2\/posts\/1559\/revisions"}],"predecessor-version":[{"id":9791,"href":"http:\/\/www.blogsmenesiano.com\/siconocierascomoteama\/wp-json\/wp\/v2\/posts\/1559\/revisions\/9791"}],"wp:attachment":[{"href":"http:\/\/www.blogsmenesiano.com\/siconocierascomoteama\/wp-json\/wp\/v2\/media?parent=1559"}],"wp:term":[{"taxonomy":"category","embeddable":true,"href":"http:\/\/www.blogsmenesiano.com\/siconocierascomoteama\/wp-json\/wp\/v2\/categories?post=1559"},{"taxonomy":"post_tag","embeddable":true,"href":"http:\/\/www.blogsmenesiano.com\/siconocierascomoteama\/wp-json\/wp\/v2\/tags?post=1559"}],"curies":[{"name":"wp","href":"https:\/\/api.w.org\/{rel}","templated":true}]}}