{"id":1563,"date":"2014-04-04T00:01:39","date_gmt":"2014-04-04T00:01:39","guid":{"rendered":"http:\/\/www.blogsmenesiano.com\/siconocierascomoteama\/?p=1563"},"modified":"2014-03-27T00:34:44","modified_gmt":"2014-03-27T00:34:44","slug":"que-pretendes-haciendo-lo-que-haces","status":"publish","type":"post","link":"http:\/\/www.blogsmenesiano.com\/siconocierascomoteama\/2014\/04\/04\/que-pretendes-haciendo-lo-que-haces\/","title":{"rendered":"\u00bfQu\u00e9 pretendes haciendo lo que haces?"},"content":{"rendered":"<p>(propuesta por un alumno de secundaria)<\/p>\n<p>Kaze nos habla del miedo a abandonar, de llegar al l\u00edmite, de&#8230; \u00a0pero afrontar las dificultades sin careta y con sus dos \u00abarmas\u00bb, la m\u00fasica y la mente le hace seguir en pie y ser feliz.<\/p>\n<div class=\"jetpack-video-wrapper\"><span class=\"embed-youtube\" style=\"text-align:center; display: block;\"><iframe class=\"youtube-player\" width=\"676\" height=\"381\" src=\"https:\/\/www.youtube.com\/embed\/rzIq2zebRAc?version=3&#038;rel=1&#038;showsearch=0&#038;showinfo=1&#038;iv_load_policy=1&#038;fs=1&#038;hl=es-ES&#038;autohide=2&#038;wmode=transparent\" allowfullscreen=\"true\" style=\"border:0;\" sandbox=\"allow-scripts allow-same-origin allow-popups allow-presentation\"><\/iframe><\/span><\/div>\n<p>LETRA<\/p>\n<p>Maaal, yo no quiero ver, \u00a0solo quiero estar bien,<br \/>\ny no abandonar aqu\u00ed, \u00a0hablaran de mi, como de ti, como de todos,<br \/>\npero yo seguir en pie por ser feliz,<br \/>\nla verdad es que tem\u00eda por llegar a un limite y no poder continuar<br \/>\npero lo miro desde aqu\u00ed,\u00a0limites ni metas,<br \/>\nsin tiritas ni careta,\u00a0no te metas con el que pueda alcanzarte a ti&#8230;<\/p>\n<p>No se que pretendes \u00a0haciendo lo que haces<br \/>\nhay que crear mas enlaces \u00a0para no mirar mas la mala mirada que miraba<br \/>\ndime lo que tienes y te digo lo que dabas,<br \/>\n\u00bft\u00fa que te esperabas de mi?<br \/>\nyo de ti ya no me esperaba mas nada \u00a0ahora solo queda una moneda que tirar,<br \/>\ntu eliges el canto yo elijo la cara<br \/>\ntu no digas nada nada y mira m\u00edrame con furor,<br \/>\nten un presente claro y no oscuro,<br \/>\ntengo un teclado a mano y os juro<br \/>\nque me he planteado ser algo mas duro, puro,<br \/>\nsent\u00ed verdad, plasmo, sin sarcasmos,<br \/>\ntras mostrar nuestras dos armas<br \/>\nde destrucci\u00f3n de ambos,<br \/>\nm\u00fasica y mente os llamo.<\/p>\n<div style=\"padding-bottom:20px; padding-top:10px;\" class=\"hupso-share-buttons\"><!-- Hupso Share Buttons - https:\/\/www.hupso.com\/share\/ --><a class=\"hupso_counters\" href=\"https:\/\/www.hupso.com\/share\/\"><img src=\"https:\/\/i0.wp.com\/static.hupso.com\/share\/buttons\/lang\/es\/share-small.png?w=676\" style=\"border:0px; padding-top:2px; float:left;\" alt=\"Share Button\" data-recalc-dims=\"1\"\/><\/a><script type=\"text\/javascript\">var hupso_services_c=new Array(\"twitter\",\"facebook_like\",\"facebook_send\");var hupso_counters_lang = \"es_ES\";var hupso_image_folder_url = \"\";var hupso_url_c=\"\";var hupso_title_c=\"%C2%BFQu%C3%A9%20pretendes%20haciendo%20lo%20que%20haces%3F\";<\/script><script type=\"text\/javascript\" src=\"http:\/\/static.hupso.com\/share\/js\/counters.js\"><\/script><!-- Hupso Share Buttons --><\/div>","protected":false},"excerpt":{"rendered":"<p>(propuesta por un alumno de secundaria) Kaze nos habla del miedo a abandonar, de llegar al l\u00edmite, de&#8230; \u00a0pero afrontar las dificultades sin careta y con sus dos \u00abarmas\u00bb, la m\u00fasica y la mente le hace seguir en pie y ser feliz. LETRA Maaal, yo no quiero ver, \u00a0solo quiero estar bien, y no abandonar &hellip; <a href=\"http:\/\/www.blogsmenesiano.com\/siconocierascomoteama\/2014\/04\/04\/que-pretendes-haciendo-lo-que-haces\/\" class=\"more-link\">Sigue leyendo <span class=\"screen-reader-text\">\u00bfQu\u00e9 pretendes haciendo lo que haces?<\/span><\/a><\/p>\n<div style=\"padding-bottom:20px; padding-top:10px;\" class=\"hupso-share-buttons\"><!-- Hupso Share Buttons - https:\/\/www.hupso.com\/share\/ --><a class=\"hupso_counters\" href=\"https:\/\/www.hupso.com\/share\/\"><img src=\"http:\/\/static.hupso.com\/share\/buttons\/lang\/es\/share-small.png\" style=\"border:0px; padding-top:2px; float:left;\" alt=\"Share Button\"\/><\/a><script type=\"text\/javascript\">var hupso_services_c=new Array(\"twitter\",\"facebook_like\",\"facebook_send\");var hupso_counters_lang = \"es_ES\";var hupso_image_folder_url = \"\";var hupso_url_c=\"\";var hupso_title_c=\"%C2%BFQu%C3%A9%20pretendes%20haciendo%20lo%20que%20haces%3F\";<\/script><script type=\"text\/javascript\" src=\"http:\/\/static.hupso.com\/share\/js\/counters.js\"><\/script><!-- Hupso Share Buttons --><\/div>","protected":false},"author":60,"featured_media":0,"comment_status":"open","ping_status":"open","sticky":false,"template":"","format":"standard","meta":{"jetpack_publicize_message":"","jetpack_is_tweetstorm":false,"jetpack_publicize_feature_enabled":true},"categories":[1],"tags":[],"jetpack_publicize_connections":[],"jetpack_featured_media_url":"","jetpack_sharing_enabled":true,"jetpack_shortlink":"https:\/\/wp.me\/p3YjJm-pd","jetpack_likes_enabled":true,"jetpack-related-posts":[{"id":9572,"url":"http:\/\/www.blogsmenesiano.com\/siconocierascomoteama\/2023\/12\/05\/te-veo-2\/","url_meta":{"origin":1563,"position":0},"title":"TE VEO","date":"5 diciembre, 2023","format":false,"excerpt":"Alethea Mshar,\u00a0 madre de una ni\u00f1a con dificultades escribe una carta a todos los padres, educadores y personas que cuidan a quien tenga cualquier dificultad... nos escribe a tod@s: TE VEO Te veo llevando a tu hijo a terapia mientras tus amigos llevan a sus hijos a f\u00fatbol o a\u2026","rel":"","context":"En \u00abSin categor\u00eda\u00bb","img":{"alt_text":"","src":"https:\/\/i0.wp.com\/www.blogsmenesiano.com\/siconocierascomoteama\/wp-content\/uploads\/sites\/8\/2023\/12\/La-discapacidad-es-la-capacidad-extraordinaria-de-ser-capaz..jpg?resize=350%2C200","width":350,"height":200},"classes":[]},{"id":2945,"url":"http:\/\/www.blogsmenesiano.com\/siconocierascomoteama\/2015\/10\/13\/aqui-estoy-yo-2\/","url_meta":{"origin":1563,"position":1},"title":"Aqu\u00ed estoy yo","date":"13 octubre, 2015","format":false,"excerpt":"\u00bfQui\u00e9n crees que puede necesitar esta canci\u00f3n? \u00bfQui\u00e9n puede necesitar de ti? Canci\u00f3n propuesta por una alumna de Portugalete. https:\/\/www.youtube.com\/watch?v=EsfSuL-VFBw AQU\u00cd ESTOY YO Aqu\u00ed estoy yo para hacerte reir cada vez mas confia en mi, deja tus miedos atr\u00e1s y ya te das aqu\u00ed estoy yo con un beso quemandome\u2026","rel":"","context":"En \u00abSin categor\u00eda\u00bb","img":{"alt_text":"","src":"https:\/\/i0.wp.com\/img.youtube.com\/vi\/EsfSuL-VFBw\/0.jpg?resize=350%2C200","width":350,"height":200},"classes":[]},{"id":1272,"url":"http:\/\/www.blogsmenesiano.com\/siconocierascomoteama\/2024\/01\/09\/2014-aun-no-existo-tu-me-vas-a-crear\/","url_meta":{"origin":1563,"position":2},"title":"2024  A\u00fan no existo, \u00a1T\u00fa me vas a crear!","date":"9 enero, 2024","format":false,"excerpt":"S\u00ed, llevo mucho tiempo esperando este turno\u00a0para encontrarme contigo. A\u00fan no existo,\u00a0\u00a1T\u00fa me vas a crear! Me dar\u00e1s vida con tus proyectos,\u00a0tus pensamientos, tus palabras, tus sentimientos,\u00a0pero sobre todo, con lo que eres, s\u00f3lo con existir. Me llamo\" 2024\" aunque todos me conocen con el\u00a0poco original nombre de \"El a\u00f1o\u2026","rel":"","context":"En \u00abSin categor\u00eda\u00bb","img":{"alt_text":"","src":"","width":0,"height":0},"classes":[]},{"id":1684,"url":"http:\/\/www.blogsmenesiano.com\/siconocierascomoteama\/2014\/05\/30\/la-primera-palabra\/","url_meta":{"origin":1563,"position":3},"title":"La primera palabra","date":"30 mayo, 2014","format":false,"excerpt":"(propuesta por una alumno de secundaria) \u00bfQu\u00e9 nos convence de esta canci\u00f3n? \u00bfQu\u00e9 siento me ha ense\u00f1ado mi madre (tb mi padre u otras personas)? \u00bfC\u00f3mo puedo hacerla sentir mi agradecimiento? LA PRIMERA PALABRA[Rayden]A la mujer que me otorg\u00f3 la vida,A quien me tuvo en su barriga y trajo esta\u2026","rel":"","context":"En \u00abSin categor\u00eda\u00bb","img":{"alt_text":"","src":"https:\/\/i0.wp.com\/img.youtube.com\/vi\/4ZQiZ3J9jsM\/0.jpg?resize=350%2C200","width":350,"height":200},"classes":[]},{"id":2584,"url":"http:\/\/www.blogsmenesiano.com\/siconocierascomoteama\/2015\/04\/09\/el-peligro-del-consumo\/","url_meta":{"origin":1563,"position":4},"title":"El peligro del consumo","date":"9 abril, 2015","format":false,"excerpt":"STROMAE \"CARMEN\" - TRADUCCI\u00d3N El amor es como el p\u00e1jaro del Twitter nos enamoramos solo 48 horas, despu\u00e9s hablamos, luego nos seguimos nos resquebrajamos y acabamos solos. Cuidado con lo que haces y con los que has dado like. Las sonrisas de pl\u00e1stico suelen ser golpes de hashtag. Cuidado con\u2026","rel":"","context":"En \u00abSin categor\u00eda\u00bb","img":{"alt_text":"","src":"https:\/\/i0.wp.com\/img.youtube.com\/vi\/\/0.jpg?resize=350%2C200","width":350,"height":200},"classes":[]},{"id":2025,"url":"http:\/\/www.blogsmenesiano.com\/siconocierascomoteama\/2014\/10\/24\/2025\/","url_meta":{"origin":1563,"position":5},"title":"Si la tienes comp\u00e1rtela","date":"24 octubre, 2014","format":false,"excerpt":"Shotta \u00ad Felicidad (Con morodo) Nadie es feliz para siempre\u00a0aprovecha tu presente\u00a0felicidad intermitente Eres la sique m\u00e1s bonita que uno puede tener eres la chica m\u00e1s cara y m\u00e1s mala, ve tu a saber si cuando vienes, vienes de verdad o de broma, no se a todas horas y a\u2026","rel":"","context":"En \u00abSin categor\u00eda\u00bb","img":{"alt_text":"","src":"https:\/\/i0.wp.com\/img.youtube.com\/vi\/Vvhz8dWuqsM\/0.jpg?resize=350%2C200","width":350,"height":200},"classes":[]}],"_links":{"self":[{"href":"http:\/\/www.blogsmenesiano.com\/siconocierascomoteama\/wp-json\/wp\/v2\/posts\/1563"}],"collection":[{"href":"http:\/\/www.blogsmenesiano.com\/siconocierascomoteama\/wp-json\/wp\/v2\/posts"}],"about":[{"href":"http:\/\/www.blogsmenesiano.com\/siconocierascomoteama\/wp-json\/wp\/v2\/types\/post"}],"author":[{"embeddable":true,"href":"http:\/\/www.blogsmenesiano.com\/siconocierascomoteama\/wp-json\/wp\/v2\/users\/60"}],"replies":[{"embeddable":true,"href":"http:\/\/www.blogsmenesiano.com\/siconocierascomoteama\/wp-json\/wp\/v2\/comments?post=1563"}],"version-history":[{"count":2,"href":"http:\/\/www.blogsmenesiano.com\/siconocierascomoteama\/wp-json\/wp\/v2\/posts\/1563\/revisions"}],"predecessor-version":[{"id":1568,"href":"http:\/\/www.blogsmenesiano.com\/siconocierascomoteama\/wp-json\/wp\/v2\/posts\/1563\/revisions\/1568"}],"wp:attachment":[{"href":"http:\/\/www.blogsmenesiano.com\/siconocierascomoteama\/wp-json\/wp\/v2\/media?parent=1563"}],"wp:term":[{"taxonomy":"category","embeddable":true,"href":"http:\/\/www.blogsmenesiano.com\/siconocierascomoteama\/wp-json\/wp\/v2\/categories?post=1563"},{"taxonomy":"post_tag","embeddable":true,"href":"http:\/\/www.blogsmenesiano.com\/siconocierascomoteama\/wp-json\/wp\/v2\/tags?post=1563"}],"curies":[{"name":"wp","href":"https:\/\/api.w.org\/{rel}","templated":true}]}}