{"id":1639,"date":"2024-04-03T00:01:51","date_gmt":"2024-04-02T23:01:51","guid":{"rendered":"http:\/\/www.blogsmenesiano.com\/siconocierascomoteama\/?p=1639"},"modified":"2024-04-02T00:40:07","modified_gmt":"2024-04-01T23:40:07","slug":"quien-hara-sonreir-a-esta-tierra","status":"publish","type":"post","link":"http:\/\/www.blogsmenesiano.com\/siconocierascomoteama\/2024\/04\/03\/quien-hara-sonreir-a-esta-tierra\/","title":{"rendered":"\u00bfQui\u00e9n har\u00e1 sonre\u00edr a esta tierra?"},"content":{"rendered":"<p>\u00bfQui\u00e9n ayudar\u00e1 a mantener la esperanza de los que est\u00e1n a punto de perderla?<\/p>\n<div class=\"jetpack-video-wrapper\"><span class=\"embed-youtube\" style=\"text-align:center; display: block;\"><iframe class=\"youtube-player\" width=\"676\" height=\"381\" src=\"https:\/\/www.youtube.com\/embed\/GNlM-e_czf4?version=3&#038;rel=1&#038;showsearch=0&#038;showinfo=1&#038;iv_load_policy=1&#038;fs=1&#038;hl=es-ES&#038;autohide=2&#038;wmode=transparent\" allowfullscreen=\"true\" style=\"border:0;\" sandbox=\"allow-scripts allow-same-origin allow-popups allow-presentation\"><\/iframe><\/span><\/div>\n<pre><span style=\"font-family: 'Times New Roman';font-size: medium\"><b><span style=\"text-decoration: underline\">Aleluya de la tierra (Brotes de Olivo)<\/span><\/b>\r\n\r\n\u00bfQui\u00e9n quiere resucitar a este mundo que se muere? \r\n\u00bfQui\u00e9n cantar\u00e1 el aleluya de la nueva luz que viene? \r\n\u00bfQui\u00e9n cuando mire la tierra y las tragedias observe \r\nsentir\u00e1 en su coraz\u00f3n el dolor de quien se muere? \r\n\u00bfQui\u00e9n es capaz de salvar a este mundo decadente, \r\ny mantiene la esperanza de los muchos que la pierden?\r\n\r\n<b>El que sufre, mata y muere, \r\ndesespera y enloquece, \r\ny otros son espectadores, no lo sienten (bis).<\/b>\r\n\r\n\u00bfQui\u00e9n bajar\u00e1 de la cruz a tanto Cristo sufriente \r\nmientras los hombres miramos impasivos e indolentes? \r\n\u00bfQui\u00e9n grita desde el silencio de un ser que a su Dios retiene, \r\nporque se hace palabra que sin hablar se la entiende? \r\n\u00bfQui\u00e9n se torna en aleluya porque traduce la muerte, \r\ncomo el trigo que se pudre y de uno cientos vienen?\r\n\r\n<b>Aleluya cantar\u00e1 \r\nqui\u00e9n perdi\u00f3 la esperanza, \r\ny la tierra sonreir\u00e1, \u00a1Aleluya! (bis).<\/b><\/span><\/pre>\n<div style=\"padding-bottom:20px; padding-top:10px;\" class=\"hupso-share-buttons\"><!-- Hupso Share Buttons - https:\/\/www.hupso.com\/share\/ --><a class=\"hupso_counters\" href=\"https:\/\/www.hupso.com\/share\/\"><img src=\"https:\/\/i0.wp.com\/static.hupso.com\/share\/buttons\/lang\/es\/share-small.png?w=676\" style=\"border:0px; padding-top:2px; float:left;\" alt=\"Share Button\" data-recalc-dims=\"1\"\/><\/a><script type=\"text\/javascript\">var hupso_services_c=new Array(\"twitter\",\"facebook_like\",\"facebook_send\");var hupso_counters_lang = \"es_ES\";var hupso_image_folder_url = \"\";var hupso_url_c=\"\";var hupso_title_c=\"%C2%BFQui%C3%A9n%20har%C3%A1%20sonre%C3%ADr%20a%20esta%20tierra%3F\";<\/script><script type=\"text\/javascript\" src=\"http:\/\/static.hupso.com\/share\/js\/counters.js\"><\/script><!-- Hupso Share Buttons --><\/div>","protected":false},"excerpt":{"rendered":"<p>\u00bfQui\u00e9n ayudar\u00e1 a mantener la esperanza de los que est\u00e1n a punto de perderla? Aleluya de la tierra (Brotes de Olivo) \u00bfQui\u00e9n quiere resucitar a este mundo que se muere? \u00bfQui\u00e9n cantar\u00e1 el aleluya de la nueva luz que viene? \u00bfQui\u00e9n cuando mire la tierra y las tragedias observe sentir\u00e1 en su coraz\u00f3n el dolor &hellip; <a href=\"http:\/\/www.blogsmenesiano.com\/siconocierascomoteama\/2024\/04\/03\/quien-hara-sonreir-a-esta-tierra\/\" class=\"more-link\">Sigue leyendo <span class=\"screen-reader-text\">\u00bfQui\u00e9n har\u00e1 sonre\u00edr a esta tierra?<\/span><\/a><\/p>\n<div style=\"padding-bottom:20px; padding-top:10px;\" class=\"hupso-share-buttons\"><!-- Hupso Share Buttons - https:\/\/www.hupso.com\/share\/ --><a class=\"hupso_counters\" href=\"https:\/\/www.hupso.com\/share\/\"><img src=\"http:\/\/static.hupso.com\/share\/buttons\/lang\/es\/share-small.png\" style=\"border:0px; padding-top:2px; float:left;\" alt=\"Share Button\"\/><\/a><script type=\"text\/javascript\">var hupso_services_c=new Array(\"twitter\",\"facebook_like\",\"facebook_send\");var hupso_counters_lang = \"es_ES\";var hupso_image_folder_url = \"\";var hupso_url_c=\"\";var hupso_title_c=\"%C2%BFQui%C3%A9n%20har%C3%A1%20sonre%C3%ADr%20a%20esta%20tierra%3F\";<\/script><script type=\"text\/javascript\" src=\"http:\/\/static.hupso.com\/share\/js\/counters.js\"><\/script><!-- Hupso Share Buttons --><\/div>","protected":false},"author":60,"featured_media":0,"comment_status":"open","ping_status":"open","sticky":false,"template":"","format":"standard","meta":{"jetpack_publicize_message":"","jetpack_is_tweetstorm":false,"jetpack_publicize_feature_enabled":true},"categories":[1],"tags":[],"jetpack_publicize_connections":[],"jetpack_featured_media_url":"","jetpack_sharing_enabled":true,"jetpack_shortlink":"https:\/\/wp.me\/p3YjJm-qr","jetpack_likes_enabled":true,"jetpack-related-posts":[{"id":7809,"url":"http:\/\/www.blogsmenesiano.com\/siconocierascomoteama\/2021\/04\/06\/estamos-en-pascua-aleluya\/","url_meta":{"origin":1639,"position":0},"title":"Estamos en Pascua. \u00a1Aleluya!","date":"6 abril, 2021","format":false,"excerpt":"La alegr\u00eda de Jes\u00fas Resucitado se comunica aqu\u00ed de forma extraordinaria con este Aleluya de G. F. H\u00e4ndel interpretado por m\u00e1s de 350 voces unidas, virtualmente. Feliz Pascua!!","rel":"","context":"En \u00abSin categor\u00eda\u00bb","img":{"alt_text":"","src":"","width":0,"height":0},"classes":[]},{"id":7781,"url":"http:\/\/www.blogsmenesiano.com\/siconocierascomoteama\/2021\/03\/19\/de-la-superficie-a-lo-profundo\/","url_meta":{"origin":1639,"position":1},"title":"De la superficie a lo profundo","date":"19 marzo, 2021","format":false,"excerpt":"\u201cOs aseguro, que si el grano de trigo no cae en tierra y muere, queda infecundo; pero si muere, da mucho fruto. El que se ama a s\u00ed mismo, se pierde, y el que se aborrece a s\u00ed mismo en este mundo, se guardar\u00e1 para la vida eterna. El que\u2026","rel":"","context":"En \u00abSin categor\u00eda\u00bb","img":{"alt_text":"","src":"","width":0,"height":0},"classes":[]},{"id":1907,"url":"http:\/\/www.blogsmenesiano.com\/siconocierascomoteama\/2014\/09\/09\/quien-no-arriesga\/","url_meta":{"origin":1639,"position":2},"title":"Quien no arriesga&#8230;","date":"9 septiembre, 2014","format":false,"excerpt":"Seguro que este verano has hecho mil cosas que a\u00fan recordar\u00e1s con nostalgia. Otras muchas nos esperan en el nuevo curso. \u00a1Estamos muy vivos! Demos gracias por ello y cuidado con la advertencia que nos hace Martha Madeiros en su poema, a seguir viviendo a tope tambi\u00e9n durante el curso.\u2026","rel":"","context":"En \u00abSin categor\u00eda\u00bb","img":{"alt_text":"","src":"","width":0,"height":0},"classes":[]},{"id":4405,"url":"http:\/\/www.blogsmenesiano.com\/siconocierascomoteama\/2017\/10\/11\/muere-lentamente\/","url_meta":{"origin":1639,"position":3},"title":"Muere lentamente","date":"11 octubre, 2017","format":false,"excerpt":"Esta ma\u00f1ana, de regalo: un poema!! En esta ocasi\u00f3n de\u00a0poema\u00a0Martha Medeiros\u00a0 (no de P. Neruda) Muere lentamente quien se transforma en esclavo del h\u00e1bito, repitiendo todos los d\u00edas los mismos trayectos, quien no cambia de marca. No arriesga vestir un color nuevo y no le habla a quien no conoce.\u2026","rel":"","context":"En \u00abSin categor\u00eda\u00bb","img":{"alt_text":"","src":"https:\/\/i0.wp.com\/3.bp.blogspot.com\/-1y1dCTmjyLI\/VKGVI_LEAeI\/AAAAAAAAE24\/pPTfPzNIyyY\/w1200-h630-p-k-no-nu\/muere%2Blentamente..jpg?resize=350%2C200","width":350,"height":200},"classes":[]},{"id":8532,"url":"http:\/\/www.blogsmenesiano.com\/siconocierascomoteama\/2022\/04\/22\/aleluya-vive\/","url_meta":{"origin":1639,"position":4},"title":"Aleluya, Vive","date":"22 abril, 2022","format":false,"excerpt":"https:\/\/youtu.be\/SI7JhMXc2V4","rel":"","context":"En \u00abSin categor\u00eda\u00bb","img":{"alt_text":"","src":"https:\/\/i0.wp.com\/img.youtube.com\/vi\/SI7JhMXc2V4\/0.jpg?resize=350%2C200","width":350,"height":200},"classes":[]},{"id":7864,"url":"http:\/\/www.blogsmenesiano.com\/siconocierascomoteama\/2021\/04\/26\/la-linea\/","url_meta":{"origin":1639,"position":5},"title":"La L\u00ednea","date":"26 abril, 2021","format":false,"excerpt":"\u201cCasi cada d\u00eda la televisi\u00f3n y los peri\u00f3dicos dan noticias de refugiados que huyen del hambre, de la guerra, de otros peligros graves, en busca de seguridad y de una vida digna para s\u00ed mismos y para sus familias. Jes\u00fas est\u00e1 presente en cada uno de ellos, obligado a huir\u2026","rel":"","context":"En \u00abSin categor\u00eda\u00bb","img":{"alt_text":"","src":"","width":0,"height":0},"classes":[]}],"_links":{"self":[{"href":"http:\/\/www.blogsmenesiano.com\/siconocierascomoteama\/wp-json\/wp\/v2\/posts\/1639"}],"collection":[{"href":"http:\/\/www.blogsmenesiano.com\/siconocierascomoteama\/wp-json\/wp\/v2\/posts"}],"about":[{"href":"http:\/\/www.blogsmenesiano.com\/siconocierascomoteama\/wp-json\/wp\/v2\/types\/post"}],"author":[{"embeddable":true,"href":"http:\/\/www.blogsmenesiano.com\/siconocierascomoteama\/wp-json\/wp\/v2\/users\/60"}],"replies":[{"embeddable":true,"href":"http:\/\/www.blogsmenesiano.com\/siconocierascomoteama\/wp-json\/wp\/v2\/comments?post=1639"}],"version-history":[{"count":2,"href":"http:\/\/www.blogsmenesiano.com\/siconocierascomoteama\/wp-json\/wp\/v2\/posts\/1639\/revisions"}],"predecessor-version":[{"id":9810,"href":"http:\/\/www.blogsmenesiano.com\/siconocierascomoteama\/wp-json\/wp\/v2\/posts\/1639\/revisions\/9810"}],"wp:attachment":[{"href":"http:\/\/www.blogsmenesiano.com\/siconocierascomoteama\/wp-json\/wp\/v2\/media?parent=1639"}],"wp:term":[{"taxonomy":"category","embeddable":true,"href":"http:\/\/www.blogsmenesiano.com\/siconocierascomoteama\/wp-json\/wp\/v2\/categories?post=1639"},{"taxonomy":"post_tag","embeddable":true,"href":"http:\/\/www.blogsmenesiano.com\/siconocierascomoteama\/wp-json\/wp\/v2\/tags?post=1639"}],"curies":[{"name":"wp","href":"https:\/\/api.w.org\/{rel}","templated":true}]}}