{"id":2309,"date":"2015-01-01T10:09:15","date_gmt":"2015-01-01T10:09:15","guid":{"rendered":"http:\/\/www.blogsmenesiano.com\/siconocierascomoteama\/?p=2309"},"modified":"2015-01-01T10:10:27","modified_gmt":"2015-01-01T10:10:27","slug":"un-2015-para-cuidarse","status":"publish","type":"post","link":"http:\/\/www.blogsmenesiano.com\/siconocierascomoteama\/2015\/01\/01\/un-2015-para-cuidarse\/","title":{"rendered":"Un 2015 para cuidarse"},"content":{"rendered":"<p>Para felicitar el A\u00f1o Nuevo, voy a repetir con mucho gusto lo que dec\u00eda el Papa Francisco a los empleados del Vaticano y a sus familias unos d\u00edas antes de la Navidad. Todo ello nos viene dirigido tambi\u00e9n a nosotros :<\/p>\n<p><img loading=\"lazy\" class=\"alignnone aligncenter\" src=\"https:\/\/i0.wp.com\/3.bp.blogspot.com\/-KLT7d-KsFGM\/VKJ0ZbD3_QI\/AAAAAAAACEs\/PBuDHHXUX8o\/s1600\/Julius-Achilleo.JPG?resize=578%2C463\" alt=\"\" width=\"578\" height=\"463\" data-recalc-dims=\"1\" \/><\/p>\n<p><em>\u00abOs exhorto a que cuid\u00e9is vuestra vida espiritual y vuestra relaci\u00f3n con Dios, porque es la columna vertebral de todo lo que hacemos y de lo que somos. Un cristiano que no se alimenta de la oraci\u00f3n, de los sacramentos y de la Palabra de Dios, inevitablemente se marchita y se seca;<\/em><\/p>\n<p><em>\u2026 Cuidad vuestra forma de hablar, purificando el lenguaje de palabras ofensivas, de vulgaridades y del lenguaje de la decadencia del mundo;<\/em><\/p>\n<p><em>\u2026 Curad las heridas del coraz\u00f3n con el aceite del perd\u00f3n;<\/em><\/p>\n<p><em>\u2026 Cuidad vuestro trabajo, cumpli\u00e9ndolo con entusiasmo, humildad, competencia y pasi\u00f3n, y con un esp\u00edritu que sabe dar gracias al Se\u00f1or\u00a0;<\/em><\/p>\n<p><em>\u2026 Pedid al Se\u00f1or la sabidur\u00eda de saber morderse la lengua a tiempo, para no decir palabras injuriosas que os dejen despu\u00e9s la boca amarga;<\/em><\/p>\n<p><em>\u2026 Cuidad a los m\u00e1s d\u00e9biles\u00a0\u2026 es decir, a las personas mayores, a los enfermos, a los hambrientos, a los sin techo y a los extranjeros, porque es sobre esto que ser\u00e9is juzgados.\u00bb<\/em><\/p>\n<p><em>!FELIZ A\u00d1O NUEVO A TODOS! \u00a0 \u00a0(<a href=\"http:\/\/supgen.blogspot.com.es\/2014\/12\/bonne-annee-happy-new-year-feliz-ano.html\">Yannick Houssay<\/a>)<\/em><\/p>\n<div style=\"padding-bottom:20px; padding-top:10px;\" class=\"hupso-share-buttons\"><!-- Hupso Share Buttons - https:\/\/www.hupso.com\/share\/ --><a class=\"hupso_counters\" href=\"https:\/\/www.hupso.com\/share\/\"><img src=\"https:\/\/i0.wp.com\/static.hupso.com\/share\/buttons\/lang\/es\/share-small.png?w=676\" style=\"border:0px; padding-top:2px; float:left;\" alt=\"Share Button\" data-recalc-dims=\"1\"\/><\/a><script type=\"text\/javascript\">var hupso_services_c=new Array(\"twitter\",\"facebook_like\",\"facebook_send\");var hupso_counters_lang = \"es_ES\";var hupso_image_folder_url = \"\";var hupso_url_c=\"\";var hupso_title_c=\"Un%202015%20para%20cuidarse\";<\/script><script type=\"text\/javascript\" src=\"http:\/\/static.hupso.com\/share\/js\/counters.js\"><\/script><!-- Hupso Share Buttons --><\/div>","protected":false},"excerpt":{"rendered":"<p>Para felicitar el A\u00f1o Nuevo, voy a repetir con mucho gusto lo que dec\u00eda el Papa Francisco a los empleados del Vaticano y a sus familias unos d\u00edas antes de la Navidad. Todo ello nos viene dirigido tambi\u00e9n a nosotros : \u00abOs exhorto a que cuid\u00e9is vuestra vida espiritual y vuestra relaci\u00f3n con Dios, porque &hellip; <a href=\"http:\/\/www.blogsmenesiano.com\/siconocierascomoteama\/2015\/01\/01\/un-2015-para-cuidarse\/\" class=\"more-link\">Sigue leyendo <span class=\"screen-reader-text\">Un 2015 para cuidarse<\/span><\/a><\/p>\n<div style=\"padding-bottom:20px; padding-top:10px;\" class=\"hupso-share-buttons\"><!-- Hupso Share Buttons - https:\/\/www.hupso.com\/share\/ --><a class=\"hupso_counters\" href=\"https:\/\/www.hupso.com\/share\/\"><img src=\"http:\/\/static.hupso.com\/share\/buttons\/lang\/es\/share-small.png\" style=\"border:0px; padding-top:2px; float:left;\" alt=\"Share Button\"\/><\/a><script type=\"text\/javascript\">var hupso_services_c=new Array(\"twitter\",\"facebook_like\",\"facebook_send\");var hupso_counters_lang = \"es_ES\";var hupso_image_folder_url = \"\";var hupso_url_c=\"\";var hupso_title_c=\"Un%202015%20para%20cuidarse\";<\/script><script type=\"text\/javascript\" src=\"http:\/\/static.hupso.com\/share\/js\/counters.js\"><\/script><!-- Hupso Share Buttons --><\/div>","protected":false},"author":60,"featured_media":0,"comment_status":"open","ping_status":"open","sticky":false,"template":"","format":"standard","meta":{"jetpack_publicize_message":"","jetpack_is_tweetstorm":false,"jetpack_publicize_feature_enabled":true},"categories":[1],"tags":[],"jetpack_publicize_connections":[],"jetpack_featured_media_url":"","jetpack_sharing_enabled":true,"jetpack_shortlink":"https:\/\/wp.me\/p3YjJm-Bf","jetpack_likes_enabled":true,"jetpack-related-posts":[{"id":10025,"url":"http:\/\/www.blogsmenesiano.com\/siconocierascomoteama\/2024\/10\/04\/gracias-lo-hemos-logrado\/","url_meta":{"origin":2309,"position":0},"title":"GRACIAS !!! lo hemos logrado !!!","date":"4 octubre, 2024","format":false,"excerpt":"Durante el curso pasado desde la ONG SAL hemos hecho diversas actividades: mercadillos, loter\u00eda, el calendario de clase, carreras solidarias, apadrinamientos, recogida de materiales escolares, cenas solidarias, t\u00f3mbolas...\u00a0 \u00a0Quiz\u00e1 hayas participado en alguna de ellas. Queremos darte una gran noticia y las GRACIAS !!! Todo el trabajo y el dinero\u2026","rel":"","context":"En \u00abSAL\u00bb","img":{"alt_text":"","src":"https:\/\/i0.wp.com\/img.youtube.com\/vi\/5ghI0uZ2sL4\/0.jpg?resize=350%2C200","width":350,"height":200},"classes":[]},{"id":1240,"url":"http:\/\/www.blogsmenesiano.com\/siconocierascomoteama\/2013\/12\/13\/gracias-por-vuestra-solidaridad-con-america-latina-sal\/","url_meta":{"origin":2309,"position":1},"title":"Gracias por vuestra Solidaridad con Am\u00e9rica Latina  (SAL)","date":"13 diciembre, 2013","format":false,"excerpt":"Como todos los a\u00f1os por estas fechas la Ongd Menesianoa SAL (SOLIDARIDAD CON AM\u00c9RICA LATINA) nos invita a pensar en los de all\u00e1 , sin perder de vista a los de ac\u00e1. Este a\u00f1o, con m\u00e1s motivo , y siendo nuestro lema HERMANOS , estamos llamados a sentirnos Hermanos de\u2026","rel":"","context":"En \u00abSin categor\u00eda\u00bb","img":{"alt_text":"","src":"https:\/\/i0.wp.com\/img.youtube.com\/vi\/rKzzSh5Z-ok\/0.jpg?resize=350%2C200","width":350,"height":200},"classes":[]},{"id":737,"url":"http:\/\/www.blogsmenesiano.com\/siconocierascomoteama\/2013\/09\/18\/merece-la-pena\/","url_meta":{"origin":2309,"position":2},"title":"Merece la pena","date":"18 septiembre, 2013","format":false,"excerpt":"SEP2 \u201cEl camino\u201d MODALIDAD Visualizaci\u00f3n M\u00daSICA Wait for me GUI\u00d3N Prep\u00e1rate a partir de la \u201cpostura b\u00e1sica\u201d (sep1): Colocamos el cuerpo en la silla, respiraci\u00f3n\u2026 Esta vez os invito a hacer un viaje con vuestra imaginaci\u00f3n, vosotros ser\u00e9is los protagonistas, yo os propondr\u00e9 pistas para vuestro propio viaje. Imagina es\u2026","rel":"","context":"Entrada similar","img":{"alt_text":"","src":"","width":0,"height":0},"classes":[]},{"id":1963,"url":"http:\/\/www.blogsmenesiano.com\/siconocierascomoteama\/2022\/06\/02\/la-vida-un-hermoso-camino\/","url_meta":{"origin":2309,"position":3},"title":"La vida, un hermoso camino","date":"2 junio, 2022","format":false,"excerpt":"M\u00e1xima ESO-BACH MODALIDAD Visualizaci\u00f3n\u00a0\u00a0\u00a0\u00a0\u00a0\u00a0\u00a0\u00a0\u00a0\u00a0\u00a0\u00a0\u00a0\u00a0\u00a0\u00a0\u00a0\u00a0\u00a0 Evaluaci\u00f3n Hara M\u00daSICA\u00a0 Moby\u00a0\u00a0 Wait for me GUI\u00d3N Prep\u00e1rate a partir de la \u201cpostura b\u00e1sica\u201d (sep1): Colocamos el cuerpo en la silla, respiraci\u00f3n\u2026 Esta vez os invito a hacer un viaje con vuestra imaginaci\u00f3n, vosotros ser\u00e9is los protagonistas, yo os propondr\u00e9 pistas para vuestro propio viaje.\u2026","rel":"","context":"En \u00abHARA\u00bb","img":{"alt_text":"","src":"https:\/\/i0.wp.com\/www.blogsmenesiano.com\/siconocierascomoteama\/wp-content\/uploads\/sites\/8\/2020\/04\/Interioridad-Menesianos-1.jpeg?resize=350%2C200","width":350,"height":200},"classes":[]},{"id":1010,"url":"http:\/\/www.blogsmenesiano.com\/siconocierascomoteama\/2013\/11\/21\/escuchamos-a-j-ma\/","url_meta":{"origin":2309,"position":4},"title":"ESCUCHAMOS A J. M\u00aa","date":"21 noviembre, 2013","format":false,"excerpt":"MODALIDAD Lectura - escucha M\u00daSICA\u00a0 Rene Aubry\u00a0\u00a0 La Grande Cascade GUI\u00d3N Estamos en la semana de Juan Mar\u00eda, hace m\u00e1s de 150 a\u00f1os que dej\u00f3 su proyecto en otras manos de tantos y tantos menesianos que cada d\u00eda intentamos continuarlo. Juan Mar\u00eda, seguro que habr\u00eda estado encantado de conoceros, deseando\u2026","rel":"","context":"En \u00abHARA\u00bb","img":{"alt_text":"","src":"","width":0,"height":0},"classes":[]},{"id":2738,"url":"http:\/\/www.blogsmenesiano.com\/siconocierascomoteama\/2015\/05\/24\/ven-espiritu-santo\/","url_meta":{"origin":2309,"position":5},"title":"Ven Esp\u00edritu Santo","date":"24 mayo, 2015","format":false,"excerpt":"INVOCACI\u00d3N AL ESP\u00cdRITU SANTO EN TIEMPOS DE DISCERNIMIENTO (Para hacerla en comunidad en perspectiva de b\u00fasqueda) Ven, Esp\u00edritu Santo.\u00a0Despierta nuestra fe d\u00e9bil, peque\u00f1a y vacilante. Ens\u00e9\u00f1anos a vivir\u00a0confiando en el amor insondable que Dios, nuestro Padre, tiene a todos sus hijos e hijas sin excluir a\u00a0nadie\u2026. Si se apaga esta\u2026","rel":"","context":"En \u00abSin categor\u00eda\u00bb","img":{"alt_text":"menesianos pentecostes","src":"https:\/\/i0.wp.com\/s-media-cache-ak0.pinimg.com\/736x\/b4\/cc\/c0\/b4ccc010f1d233c90443084bfc6a4bbe.jpg?resize=350%2C200&ssl=1","width":350,"height":200},"classes":[]}],"_links":{"self":[{"href":"http:\/\/www.blogsmenesiano.com\/siconocierascomoteama\/wp-json\/wp\/v2\/posts\/2309"}],"collection":[{"href":"http:\/\/www.blogsmenesiano.com\/siconocierascomoteama\/wp-json\/wp\/v2\/posts"}],"about":[{"href":"http:\/\/www.blogsmenesiano.com\/siconocierascomoteama\/wp-json\/wp\/v2\/types\/post"}],"author":[{"embeddable":true,"href":"http:\/\/www.blogsmenesiano.com\/siconocierascomoteama\/wp-json\/wp\/v2\/users\/60"}],"replies":[{"embeddable":true,"href":"http:\/\/www.blogsmenesiano.com\/siconocierascomoteama\/wp-json\/wp\/v2\/comments?post=2309"}],"version-history":[{"count":3,"href":"http:\/\/www.blogsmenesiano.com\/siconocierascomoteama\/wp-json\/wp\/v2\/posts\/2309\/revisions"}],"predecessor-version":[{"id":2312,"href":"http:\/\/www.blogsmenesiano.com\/siconocierascomoteama\/wp-json\/wp\/v2\/posts\/2309\/revisions\/2312"}],"wp:attachment":[{"href":"http:\/\/www.blogsmenesiano.com\/siconocierascomoteama\/wp-json\/wp\/v2\/media?parent=2309"}],"wp:term":[{"taxonomy":"category","embeddable":true,"href":"http:\/\/www.blogsmenesiano.com\/siconocierascomoteama\/wp-json\/wp\/v2\/categories?post=2309"},{"taxonomy":"post_tag","embeddable":true,"href":"http:\/\/www.blogsmenesiano.com\/siconocierascomoteama\/wp-json\/wp\/v2\/tags?post=2309"}],"curies":[{"name":"wp","href":"https:\/\/api.w.org\/{rel}","templated":true}]}}