{"id":5131,"date":"2024-06-14T00:01:34","date_gmt":"2024-06-13T23:01:34","guid":{"rendered":"http:\/\/www.blogsmenesiano.com\/siconocierascomoteama\/?p=5131"},"modified":"2024-06-09T22:10:48","modified_gmt":"2024-06-09T21:10:48","slug":"sal-de-la-caja","status":"publish","type":"post","link":"http:\/\/www.blogsmenesiano.com\/siconocierascomoteama\/2024\/06\/14\/sal-de-la-caja\/","title":{"rendered":"SAL DE LA CAJA"},"content":{"rendered":"<div class=\"jetpack-video-wrapper\"><span class=\"embed-youtube\" style=\"text-align:center; display: block;\"><iframe loading=\"lazy\" class=\"youtube-player\" width=\"676\" height=\"381\" src=\"https:\/\/www.youtube.com\/embed\/5ycaAP-rhrY?version=3&#038;rel=1&#038;showsearch=0&#038;showinfo=1&#038;iv_load_policy=1&#038;fs=1&#038;hl=es-ES&#038;autohide=2&#038;wmode=transparent\" allowfullscreen=\"true\" style=\"border:0;\" sandbox=\"allow-scripts allow-same-origin allow-popups allow-presentation\"><\/iframe><\/span><\/div>\n<p>&nbsp;<\/p>\n<div style=\"padding-bottom:20px; padding-top:10px;\" class=\"hupso-share-buttons\"><!-- Hupso Share Buttons - https:\/\/www.hupso.com\/share\/ --><a class=\"hupso_counters\" href=\"https:\/\/www.hupso.com\/share\/\"><img src=\"https:\/\/i0.wp.com\/static.hupso.com\/share\/buttons\/lang\/es\/share-small.png?w=676\" style=\"border:0px; padding-top:2px; float:left;\" alt=\"Share Button\" data-recalc-dims=\"1\"\/><\/a><script type=\"text\/javascript\">var hupso_services_c=new Array(\"twitter\",\"facebook_like\",\"facebook_send\");var hupso_counters_lang = \"es_ES\";var hupso_image_folder_url = \"\";var hupso_url_c=\"\";var hupso_title_c=\"SAL%20DE%20LA%20CAJA\";<\/script><script type=\"text\/javascript\" src=\"http:\/\/static.hupso.com\/share\/js\/counters.js\"><\/script><!-- Hupso Share Buttons --><\/div>","protected":false},"excerpt":{"rendered":"<p>&nbsp;<\/p>\n<div style=\"padding-bottom:20px; padding-top:10px;\" class=\"hupso-share-buttons\"><!-- Hupso Share Buttons - https:\/\/www.hupso.com\/share\/ --><a class=\"hupso_counters\" href=\"https:\/\/www.hupso.com\/share\/\"><img src=\"http:\/\/static.hupso.com\/share\/buttons\/lang\/es\/share-small.png\" style=\"border:0px; padding-top:2px; float:left;\" alt=\"Share Button\"\/><\/a><script type=\"text\/javascript\">var hupso_services_c=new Array(\"twitter\",\"facebook_like\",\"facebook_send\");var hupso_counters_lang = \"es_ES\";var hupso_image_folder_url = \"\";var hupso_url_c=\"\";var hupso_title_c=\"SAL%20DE%20LA%20CAJA\";<\/script><script type=\"text\/javascript\" src=\"http:\/\/static.hupso.com\/share\/js\/counters.js\"><\/script><!-- Hupso Share Buttons --><\/div>","protected":false},"author":60,"featured_media":0,"comment_status":"open","ping_status":"open","sticky":false,"template":"","format":"standard","meta":{"jetpack_publicize_message":"","jetpack_is_tweetstorm":false,"jetpack_publicize_feature_enabled":true},"categories":[1],"tags":[],"jetpack_publicize_connections":[],"jetpack_featured_media_url":"","jetpack_sharing_enabled":true,"jetpack_shortlink":"https:\/\/wp.me\/p3YjJm-1kL","jetpack_likes_enabled":true,"jetpack-related-posts":[{"id":4307,"url":"http:\/\/www.blogsmenesiano.com\/siconocierascomoteama\/2017\/05\/02\/cuenta-atras-321-sal-de-fiesta\/","url_meta":{"origin":5131,"position":0},"title":"Cuenta atr\u00e1s 3,2,1    \u00a1SAL de fiesta!","date":"2 mayo, 2017","format":false,"excerpt":"Quedan muy pocos d\u00edas para que nuestra ONG celebre su 25 aniversario. Do\u00f1a Olga, Lourdes y el negro est\u00e1n ya casi cogiendo el avi\u00f3n para participar de la fiesta y visitarnos. En este reciente video puedes conocer su labor en Bolivia. https:\/\/www.youtube.com\/watch?v=FKbu8cVnSo0&feature=youtu.be","rel":"","context":"En \u00abSin categor\u00eda\u00bb","img":{"alt_text":"","src":"https:\/\/i0.wp.com\/img.youtube.com\/vi\/FKbu8cVnSo0\/0.jpg?resize=350%2C200","width":350,"height":200},"classes":[]},{"id":7588,"url":"http:\/\/www.blogsmenesiano.com\/siconocierascomoteama\/2021\/01\/19\/cuando-pierdes-el-remo\/","url_meta":{"origin":5131,"position":1},"title":"Cuando pierdes el remo","date":"19 enero, 2021","format":false,"excerpt":"En una regata de traineras, Sandra Pi\u00f1eiro de Orio rompe el tolete que sujeta el remo que ella maneja y no puede seguir remando con sus compa\u00f1eras. No puede remar. Es una carga\u2026 En la vida solidaria, en la lucha por la Justicia no sobra nadie. Todos, especialmente los m\u00e1s\u2026","rel":"","context":"En \u00abSin categor\u00eda\u00bb","img":{"alt_text":"","src":"","width":0,"height":0},"classes":[]},{"id":7660,"url":"http:\/\/www.blogsmenesiano.com\/siconocierascomoteama\/2021\/02\/16\/el-futuro-esta-en-ercha\/","url_meta":{"origin":5131,"position":2},"title":"El Futuro est\u00e1 en marcha","date":"16 febrero, 2021","format":false,"excerpt":"Con mucha alegr\u00eda os presento este VIDEO solidario en favor de M\u00e9dicos Sin Fronteras, El Futuro Est\u00e1 En Marcha, que hemos estado trabajando durante un a\u00f1o sin que casi nadie se entere. Aqu\u00ed lo ten\u00e9is. Habla de la tragedia que estamos viviendo por las consecuencias del cambio clim\u00e1tico y la\u2026","rel":"","context":"En \u00abSin categor\u00eda\u00bb","img":{"alt_text":"","src":"","width":0,"height":0},"classes":[]},{"id":5590,"url":"http:\/\/www.blogsmenesiano.com\/siconocierascomoteama\/2019\/03\/29\/sdk-lamennais-larantuka-indonesia-sal\/","url_meta":{"origin":5131,"position":3},"title":"SDK LAMENNAIS &#8211; LARANTUKA &#8211; INDONESIA &#8211; SAL","date":"29 marzo, 2019","format":false,"excerpt":"Hoy os presentamos uno de los proyectos que SAL viene desarrollando desde finales del a\u00f1o 2017, \"Equipar las aulas de 4\u00ba, 5\u00ba y 6\u00ba de PRIMARIA, SDK La Mennais\". Os dejamos este video para que pod\u00e1is conocer un poco m\u00e1s Larantuka y la misi\u00f3n de los Hermanos Menesianos all\u00ed, junto\u2026","rel":"","context":"En \u00abSin categor\u00eda\u00bb","img":{"alt_text":"","src":"","width":0,"height":0},"classes":[]},{"id":5025,"url":"http:\/\/www.blogsmenesiano.com\/siconocierascomoteama\/2018\/04\/25\/caminando-juntos-sal\/","url_meta":{"origin":5131,"position":4},"title":"CAMINANDO JUNTOS &#8211; SAL","date":"25 abril, 2018","format":false,"excerpt":"Gracias unos a otros un a\u00f1o m\u00e1s \"no hemos caminado solos\". En este video la ONG SAL nos muestra un poco de este caminar compartido.\u00a0 GRACIAS A TODOS https:\/\/www.youtube.com\/watch?v=SS3YIq0z_yE \u00a0","rel":"","context":"En \u00abSin categor\u00eda\u00bb","img":{"alt_text":"","src":"https:\/\/i0.wp.com\/img.youtube.com\/vi\/SS3YIq0z_yE\/0.jpg?resize=350%2C200","width":350,"height":200},"classes":[]},{"id":5140,"url":"http:\/\/www.blogsmenesiano.com\/siconocierascomoteama\/2018\/06\/06\/esta-en-tu-mano-2\/","url_meta":{"origin":5131,"position":5},"title":"Est\u00e1 en tu mano","date":"6 junio, 2018","format":false,"excerpt":"El siguiente v\u00eddeo ha sido dise\u00f1ado y realizado por\u00a0los alumnos y alumnas que han participado en el Proyecto de Educaci\u00f3n Social (PES) en SAL durante el curso 2017-2018, en el Colegio Santa Mar\u00eda de Portugalete. Muchas gracias a todos y todas!!!","rel":"","context":"En \u00abSin categor\u00eda\u00bb","img":{"alt_text":"","src":"","width":0,"height":0},"classes":[]}],"_links":{"self":[{"href":"http:\/\/www.blogsmenesiano.com\/siconocierascomoteama\/wp-json\/wp\/v2\/posts\/5131"}],"collection":[{"href":"http:\/\/www.blogsmenesiano.com\/siconocierascomoteama\/wp-json\/wp\/v2\/posts"}],"about":[{"href":"http:\/\/www.blogsmenesiano.com\/siconocierascomoteama\/wp-json\/wp\/v2\/types\/post"}],"author":[{"embeddable":true,"href":"http:\/\/www.blogsmenesiano.com\/siconocierascomoteama\/wp-json\/wp\/v2\/users\/60"}],"replies":[{"embeddable":true,"href":"http:\/\/www.blogsmenesiano.com\/siconocierascomoteama\/wp-json\/wp\/v2\/comments?post=5131"}],"version-history":[{"count":1,"href":"http:\/\/www.blogsmenesiano.com\/siconocierascomoteama\/wp-json\/wp\/v2\/posts\/5131\/revisions"}],"predecessor-version":[{"id":5132,"href":"http:\/\/www.blogsmenesiano.com\/siconocierascomoteama\/wp-json\/wp\/v2\/posts\/5131\/revisions\/5132"}],"wp:attachment":[{"href":"http:\/\/www.blogsmenesiano.com\/siconocierascomoteama\/wp-json\/wp\/v2\/media?parent=5131"}],"wp:term":[{"taxonomy":"category","embeddable":true,"href":"http:\/\/www.blogsmenesiano.com\/siconocierascomoteama\/wp-json\/wp\/v2\/categories?post=5131"},{"taxonomy":"post_tag","embeddable":true,"href":"http:\/\/www.blogsmenesiano.com\/siconocierascomoteama\/wp-json\/wp\/v2\/tags?post=5131"}],"curies":[{"name":"wp","href":"https:\/\/api.w.org\/{rel}","templated":true}]}}