{"id":8256,"date":"2021-12-03T00:01:56","date_gmt":"2021-12-02T23:01:56","guid":{"rendered":"http:\/\/www.blogsmenesiano.com\/siconocierascomoteama\/?p=8256"},"modified":"2021-12-02T19:28:16","modified_gmt":"2021-12-02T18:28:16","slug":"reconocimiento-5-de-diciembre-dia-del-voluntariado","status":"publish","type":"post","link":"http:\/\/www.blogsmenesiano.com\/siconocierascomoteama\/2021\/12\/03\/reconocimiento-5-de-diciembre-dia-del-voluntariado\/","title":{"rendered":"RECONOCIMIENTO, 5 DE DICIEMBRE D\u00cdA DEL VOLUNTARIADO"},"content":{"rendered":"<p>El pr\u00f3ximo d\u00eda 5 de diciembre, es el d\u00eda mundial de las personas voluntarias, os presentamos unas personas muy comprometidas.<\/p>\n<div class=\"jetpack-video-wrapper\"><span class=\"embed-youtube\" style=\"text-align:center; display: block;\"><iframe loading=\"lazy\" class=\"youtube-player\" width=\"676\" height=\"381\" src=\"https:\/\/www.youtube.com\/embed\/8SkeWZmOpIo?version=3&#038;rel=1&#038;showsearch=0&#038;showinfo=1&#038;iv_load_policy=1&#038;fs=1&#038;hl=es-ES&#038;autohide=2&#038;wmode=transparent\" allowfullscreen=\"true\" style=\"border:0;\" sandbox=\"allow-scripts allow-same-origin allow-popups allow-presentation\"><\/iframe><\/span><\/div>\n<div style=\"padding-bottom:20px; padding-top:10px;\" class=\"hupso-share-buttons\"><!-- Hupso Share Buttons - https:\/\/www.hupso.com\/share\/ --><a class=\"hupso_counters\" href=\"https:\/\/www.hupso.com\/share\/\"><img src=\"https:\/\/i0.wp.com\/static.hupso.com\/share\/buttons\/lang\/es\/share-small.png?w=676\" style=\"border:0px; padding-top:2px; float:left;\" alt=\"Share Button\" data-recalc-dims=\"1\"\/><\/a><script type=\"text\/javascript\">var hupso_services_c=new Array(\"twitter\",\"facebook_like\",\"facebook_send\");var hupso_counters_lang = \"es_ES\";var hupso_image_folder_url = \"\";var hupso_url_c=\"\";var hupso_title_c=\"RECONOCIMIENTO%2C%205%20DE%20DICIEMBRE%20D%C3%8DA%20DEL%20VOLUNTARIADO\";<\/script><script type=\"text\/javascript\" src=\"http:\/\/static.hupso.com\/share\/js\/counters.js\"><\/script><!-- Hupso Share Buttons --><\/div>","protected":false},"excerpt":{"rendered":"<p>El pr\u00f3ximo d\u00eda 5 de diciembre, es el d\u00eda mundial de las personas voluntarias, os presentamos unas personas muy comprometidas.<\/p>\n<div style=\"padding-bottom:20px; padding-top:10px;\" class=\"hupso-share-buttons\"><!-- Hupso Share Buttons - https:\/\/www.hupso.com\/share\/ --><a class=\"hupso_counters\" href=\"https:\/\/www.hupso.com\/share\/\"><img src=\"http:\/\/static.hupso.com\/share\/buttons\/lang\/es\/share-small.png\" style=\"border:0px; padding-top:2px; float:left;\" alt=\"Share Button\"\/><\/a><script type=\"text\/javascript\">var hupso_services_c=new Array(\"twitter\",\"facebook_like\",\"facebook_send\");var hupso_counters_lang = \"es_ES\";var hupso_image_folder_url = \"\";var hupso_url_c=\"\";var hupso_title_c=\"RECONOCIMIENTO%2C%205%20DE%20DICIEMBRE%20D%C3%8DA%20DEL%20VOLUNTARIADO\";<\/script><script type=\"text\/javascript\" src=\"http:\/\/static.hupso.com\/share\/js\/counters.js\"><\/script><!-- Hupso Share Buttons --><\/div>","protected":false},"author":60,"featured_media":0,"comment_status":"open","ping_status":"open","sticky":false,"template":"","format":"standard","meta":{"jetpack_publicize_message":"","jetpack_is_tweetstorm":false,"jetpack_publicize_feature_enabled":true},"categories":[1],"tags":[],"jetpack_publicize_connections":[],"jetpack_featured_media_url":"","jetpack_sharing_enabled":true,"jetpack_shortlink":"https:\/\/wp.me\/p3YjJm-29a","jetpack_likes_enabled":true,"jetpack-related-posts":[{"id":6236,"url":"http:\/\/www.blogsmenesiano.com\/siconocierascomoteama\/2019\/12\/04\/dia-internacional-de-los-voluntarios\/","url_meta":{"origin":8256,"position":0},"title":"D\u00eda Internacional de los Voluntarios","date":"4 diciembre, 2019","format":false,"excerpt":"Ma\u00f1ana, 5 diciembre, es el d\u00eda Internacional de los Voluntarios. Proyecto \"Reconoce\". En este experimento social, estas personas fueron a una entrevista, pero no sab\u00edan qui\u00e9n les esperaba all\u00ed...","rel":"","context":"En \u00abSin categor\u00eda\u00bb","img":{"alt_text":"","src":"","width":0,"height":0},"classes":[]},{"id":6042,"url":"http:\/\/www.blogsmenesiano.com\/siconocierascomoteama\/2019\/12\/03\/discriminas-o-respetas\/","url_meta":{"origin":8256,"position":1},"title":"\u00bfDISCRIMINAS O RESPETAS?","date":"3 diciembre, 2019","format":false,"excerpt":"3 de diciembre: D\u00eda Internacional de las personas con Discapacidad La discapacidad es una condici\u00f3n que afecta el nivel de vida de un individuo o de un grupo. El t\u00e9rmino se usa para definir una deficiencia f\u00edsica o mental, como la discapacidad sensorial, cognitiva o intelectual, la enfermedad mental o\u2026","rel":"","context":"En \u00abSin categor\u00eda\u00bb","img":{"alt_text":"","src":"","width":0,"height":0},"classes":[]},{"id":3099,"url":"http:\/\/www.blogsmenesiano.com\/siconocierascomoteama\/2015\/11\/25\/somos-personas-despues-mujeres-y-hombres-libres\/","url_meta":{"origin":8256,"position":2},"title":"Somos Personas\u2026  despu\u00e9s,  Mujeres y Hombres Libres","date":"25 noviembre, 2015","format":false,"excerpt":"\u201c El 17 de diciembre de 1999, a trav\u00e9s de la\u00a0resoluci\u00f3n 54\/134\u00a0, la Asamblea General de la ONU ha declarado el 25 de noviembre como el D\u00eda Internacional de la Eliminaci\u00f3n de la Violencia contra la Mujer, y ha invitado a los gobiernos, las organizaciones internacionales y las organizaciones no\u2026","rel":"","context":"En \u00abSin categor\u00eda\u00bb","img":{"alt_text":"","src":"https:\/\/i0.wp.com\/img.youtube.com\/vi\/9h0QCgIO598\/0.jpg?resize=350%2C200","width":350,"height":200},"classes":[]},{"id":8937,"url":"http:\/\/www.blogsmenesiano.com\/siconocierascomoteama\/2022\/12\/13\/que-seas-siempre-lo-que-quieras-ser\/","url_meta":{"origin":8256,"position":3},"title":"QUE SEAS SIEMPRE LO QUE QUIERAS SER","date":"13 diciembre, 2022","format":false,"excerpt":"Con motivo del D\u00eda Internacional de las Personas con Discapacidad que se celebra este s\u00e1bado, 3 de Diciembre, el Colegio de Educaci\u00f3n Especial Mar\u00eda Corredentora y la Fundaci\u00f3n Garrigou lanzan este v\u00eddeo que tiene como banda sonora el tema \"Calcetines\" de \"Maldita Nerea\". Su lema \"Que seas siempre lo que\u2026","rel":"","context":"En \u00abSin categor\u00eda\u00bb","img":{"alt_text":"","src":"https:\/\/i0.wp.com\/img.youtube.com\/vi\/Bn12Ejtzd4s\/0.jpg?resize=350%2C200","width":350,"height":200},"classes":[]},{"id":1360,"url":"http:\/\/www.blogsmenesiano.com\/siconocierascomoteama\/2014\/01\/31\/nuestro-silencio-les-manta\/","url_meta":{"origin":8256,"position":4},"title":"Nuestro silencio les mata","date":"31 enero, 2014","format":false,"excerpt":"Hace dos o tres a\u00f1os las noticia que cada d\u00eda llegaban de Siria hablaban de 50 o 100 nuevos muertos y se nos encog\u00eda el \u00a0alma. El conflicto, la muerte y la destrucci\u00f3n siguen. Vamos a escuchar y acoger la voz de quien, a trav\u00e9s de una sencilla canci\u00f3n, est\u00e1n\u2026","rel":"","context":"En \u00abSin categor\u00eda\u00bb","img":{"alt_text":"","src":"https:\/\/i0.wp.com\/img.youtube.com\/vi\/\/0.jpg?resize=350%2C200","width":350,"height":200},"classes":[]},{"id":7528,"url":"http:\/\/www.blogsmenesiano.com\/siconocierascomoteama\/2020\/12\/15\/dia-internacional-del-migrante-2\/","url_meta":{"origin":8256,"position":5},"title":"D\u00eda Internacional del Migrante","date":"15 diciembre, 2020","format":false,"excerpt":"La Asamblea General de las Naciones Unidas decidi\u00f3 en 2000 proclamar el 18 de diciembre como D\u00eda Internacional del Migrante. Este video es una dura cr\u00edtica a Europa por la dram\u00e1tica situaci\u00f3n que viven muchos inmigrantes. Est\u00e1 editado por Juan Campillo y Marina Rosell canta una canci\u00f3n George Moustaki (Le\u2026","rel":"","context":"En \u00abSin categor\u00eda\u00bb","img":{"alt_text":"","src":"","width":0,"height":0},"classes":[]}],"_links":{"self":[{"href":"http:\/\/www.blogsmenesiano.com\/siconocierascomoteama\/wp-json\/wp\/v2\/posts\/8256"}],"collection":[{"href":"http:\/\/www.blogsmenesiano.com\/siconocierascomoteama\/wp-json\/wp\/v2\/posts"}],"about":[{"href":"http:\/\/www.blogsmenesiano.com\/siconocierascomoteama\/wp-json\/wp\/v2\/types\/post"}],"author":[{"embeddable":true,"href":"http:\/\/www.blogsmenesiano.com\/siconocierascomoteama\/wp-json\/wp\/v2\/users\/60"}],"replies":[{"embeddable":true,"href":"http:\/\/www.blogsmenesiano.com\/siconocierascomoteama\/wp-json\/wp\/v2\/comments?post=8256"}],"version-history":[{"count":1,"href":"http:\/\/www.blogsmenesiano.com\/siconocierascomoteama\/wp-json\/wp\/v2\/posts\/8256\/revisions"}],"predecessor-version":[{"id":8257,"href":"http:\/\/www.blogsmenesiano.com\/siconocierascomoteama\/wp-json\/wp\/v2\/posts\/8256\/revisions\/8257"}],"wp:attachment":[{"href":"http:\/\/www.blogsmenesiano.com\/siconocierascomoteama\/wp-json\/wp\/v2\/media?parent=8256"}],"wp:term":[{"taxonomy":"category","embeddable":true,"href":"http:\/\/www.blogsmenesiano.com\/siconocierascomoteama\/wp-json\/wp\/v2\/categories?post=8256"},{"taxonomy":"post_tag","embeddable":true,"href":"http:\/\/www.blogsmenesiano.com\/siconocierascomoteama\/wp-json\/wp\/v2\/tags?post=8256"}],"curies":[{"name":"wp","href":"https:\/\/api.w.org\/{rel}","templated":true}]}}