{"id":8991,"date":"2023-02-14T00:01:34","date_gmt":"2023-02-13T23:01:34","guid":{"rendered":"http:\/\/www.blogsmenesiano.com\/siconocierascomoteama\/?p=8991"},"modified":"2023-02-05T22:40:12","modified_gmt":"2023-02-05T21:40:12","slug":"laudato-si","status":"publish","type":"post","link":"http:\/\/www.blogsmenesiano.com\/siconocierascomoteama\/2023\/02\/14\/laudato-si\/","title":{"rendered":"LAUDATO SI"},"content":{"rendered":"<p>Hoy os invitamos a rezar esta preciosa oraci\u00f3n del Papa Francisco y elegir una de las 9 frases para la m\u00e1xima.<\/p>\n<p><a href=\"https:\/\/i0.wp.com\/www.blogsmenesiano.com\/siconocierascomoteama\/wp-content\/uploads\/sites\/8\/2023\/01\/oracio\u0301n-laudato-si-1b.png\"><img data-attachment-id=\"8992\" data-permalink=\"http:\/\/www.blogsmenesiano.com\/siconocierascomoteama\/2023\/02\/14\/laudato-si\/oracion-laudato-si-1b\/\" data-orig-file=\"https:\/\/i0.wp.com\/www.blogsmenesiano.com\/siconocierascomoteama\/wp-content\/uploads\/sites\/8\/2023\/01\/oracio\u0301n-laudato-si-1b.png?fit=1080%2C1920\" data-orig-size=\"1080,1920\" data-comments-opened=\"1\" data-image-meta=\"{&quot;aperture&quot;:&quot;0&quot;,&quot;credit&quot;:&quot;&quot;,&quot;camera&quot;:&quot;&quot;,&quot;caption&quot;:&quot;&quot;,&quot;created_timestamp&quot;:&quot;0&quot;,&quot;copyright&quot;:&quot;&quot;,&quot;focal_length&quot;:&quot;0&quot;,&quot;iso&quot;:&quot;0&quot;,&quot;shutter_speed&quot;:&quot;0&quot;,&quot;title&quot;:&quot;&quot;,&quot;orientation&quot;:&quot;0&quot;}\" data-image-title=\"oracio\u0301n laudato si 1b\" data-image-description=\"\" data-image-caption=\"\" data-medium-file=\"https:\/\/i0.wp.com\/www.blogsmenesiano.com\/siconocierascomoteama\/wp-content\/uploads\/sites\/8\/2023\/01\/oracio\u0301n-laudato-si-1b.png?fit=169%2C300\" data-large-file=\"https:\/\/i0.wp.com\/www.blogsmenesiano.com\/siconocierascomoteama\/wp-content\/uploads\/sites\/8\/2023\/01\/oracio\u0301n-laudato-si-1b.png?fit=576%2C1024\" loading=\"lazy\" class=\"alignnone wp-image-8992\" src=\"https:\/\/i0.wp.com\/www.blogsmenesiano.com\/siconocierascomoteama\/wp-content\/uploads\/sites\/8\/2023\/01\/oracio\u0301n-laudato-si-1b.png?resize=676%2C1202\" alt=\"\" width=\"676\" height=\"1202\" srcset=\"https:\/\/i0.wp.com\/www.blogsmenesiano.com\/siconocierascomoteama\/wp-content\/uploads\/sites\/8\/2023\/01\/oracio\u0301n-laudato-si-1b.png?w=1080 1080w, https:\/\/i0.wp.com\/www.blogsmenesiano.com\/siconocierascomoteama\/wp-content\/uploads\/sites\/8\/2023\/01\/oracio\u0301n-laudato-si-1b.png?resize=169%2C300 169w, https:\/\/i0.wp.com\/www.blogsmenesiano.com\/siconocierascomoteama\/wp-content\/uploads\/sites\/8\/2023\/01\/oracio\u0301n-laudato-si-1b.png?resize=576%2C1024 576w, https:\/\/i0.wp.com\/www.blogsmenesiano.com\/siconocierascomoteama\/wp-content\/uploads\/sites\/8\/2023\/01\/oracio\u0301n-laudato-si-1b.png?resize=768%2C1365 768w, https:\/\/i0.wp.com\/www.blogsmenesiano.com\/siconocierascomoteama\/wp-content\/uploads\/sites\/8\/2023\/01\/oracio\u0301n-laudato-si-1b.png?resize=864%2C1536 864w, https:\/\/i0.wp.com\/www.blogsmenesiano.com\/siconocierascomoteama\/wp-content\/uploads\/sites\/8\/2023\/01\/oracio\u0301n-laudato-si-1b.png?resize=562%2C999 562w\" sizes=\"(max-width: 676px) 100vw, 676px\" data-recalc-dims=\"1\" \/><\/a><\/p>\n<div style=\"padding-bottom:20px; padding-top:10px;\" class=\"hupso-share-buttons\"><!-- Hupso Share Buttons - https:\/\/www.hupso.com\/share\/ --><a class=\"hupso_counters\" href=\"https:\/\/www.hupso.com\/share\/\"><img src=\"https:\/\/i0.wp.com\/static.hupso.com\/share\/buttons\/lang\/es\/share-small.png?w=676\" style=\"border:0px; padding-top:2px; float:left;\" alt=\"Share Button\" data-recalc-dims=\"1\"\/><\/a><script type=\"text\/javascript\">var hupso_services_c=new Array(\"twitter\",\"facebook_like\",\"facebook_send\");var hupso_counters_lang = \"es_ES\";var hupso_image_folder_url = \"\";var hupso_url_c=\"\";var hupso_title_c=\"LAUDATO%20SI\";<\/script><script type=\"text\/javascript\" src=\"http:\/\/static.hupso.com\/share\/js\/counters.js\"><\/script><!-- Hupso Share Buttons --><\/div>","protected":false},"excerpt":{"rendered":"<p>Hoy os invitamos a rezar esta preciosa oraci\u00f3n del Papa Francisco y elegir una de las 9 frases para la m\u00e1xima.<\/p>\n<div style=\"padding-bottom:20px; padding-top:10px;\" class=\"hupso-share-buttons\"><!-- Hupso Share Buttons - https:\/\/www.hupso.com\/share\/ --><a class=\"hupso_counters\" href=\"https:\/\/www.hupso.com\/share\/\"><img src=\"http:\/\/static.hupso.com\/share\/buttons\/lang\/es\/share-small.png\" style=\"border:0px; padding-top:2px; float:left;\" alt=\"Share Button\"\/><\/a><script type=\"text\/javascript\">var hupso_services_c=new Array(\"twitter\",\"facebook_like\",\"facebook_send\");var hupso_counters_lang = \"es_ES\";var hupso_image_folder_url = \"\";var hupso_url_c=\"\";var hupso_title_c=\"LAUDATO%20SI\";<\/script><script type=\"text\/javascript\" src=\"http:\/\/static.hupso.com\/share\/js\/counters.js\"><\/script><!-- Hupso Share Buttons --><\/div>","protected":false},"author":60,"featured_media":0,"comment_status":"open","ping_status":"open","sticky":false,"template":"","format":"standard","meta":{"jetpack_publicize_message":"","jetpack_is_tweetstorm":false,"jetpack_publicize_feature_enabled":true},"categories":[1],"tags":[],"jetpack_publicize_connections":[],"jetpack_featured_media_url":"","jetpack_sharing_enabled":true,"jetpack_shortlink":"https:\/\/wp.me\/p3YjJm-2l1","jetpack_likes_enabled":true,"jetpack-related-posts":[{"id":8896,"url":"http:\/\/www.blogsmenesiano.com\/siconocierascomoteama\/2025\/11\/19\/elegir-una-de-las-ocho-frases-para-poner\/","url_meta":{"origin":8991,"position":0},"title":"(ELEGIR UNA DE LAS OCHO FRASES PARA PONER)","date":"19 noviembre, 2025","format":false,"excerpt":"Completar el juego y elegir una de las ocho frases para la m\u00e1xima de hoy. Buen d\u00eda.","rel":"","context":"En \u00abSin categor\u00eda\u00bb","img":{"alt_text":"","src":"","width":0,"height":0},"classes":[]},{"id":6907,"url":"http:\/\/www.blogsmenesiano.com\/siconocierascomoteama\/2020\/05\/15\/el-cuidado-de-nuestra-casa-comun\/","url_meta":{"origin":8991,"position":1},"title":"El cuidado de nuestra Casa Com\u00fan","date":"15 mayo, 2020","format":false,"excerpt":"En casa con Mar\u00eda\u00a0\u00a015 mayo: Madre de los que lloran Mar\u00eda acompa\u00f1a especialmente a los que est\u00e1n sufriendo epidemia y otras situaciones: guerras, hambre, maltrato, abusos... Haznos sensibles y cercanos a toda miseria humana. M\u00e1xima para Primaria M\u00e1xima ESO-BACH El Papa Francisco invita a celebrar la Semana Laudato Si\u2019. Del\u2026","rel":"","context":"En \u00abSin categor\u00eda\u00bb","img":{"alt_text":"","src":"https:\/\/i0.wp.com\/www.blogsmenesiano.com\/siconocierascomoteama\/wp-content\/uploads\/sites\/8\/2020\/05\/15-mayo-1024x1024.jpg?resize=350%2C200","width":350,"height":200},"classes":[]},{"id":10467,"url":"http:\/\/www.blogsmenesiano.com\/siconocierascomoteama\/2025\/04\/22\/lavorare-pregare-e-ridere-trabajar-rezar-y-reir\/","url_meta":{"origin":8991,"position":2},"title":"Lavorare, pregare e ridere (trabajar, rezar y re\u00edr)","date":"22 abril, 2025","format":false,"excerpt":"Desde ayer todas las noticias se centran en el Papa Francisco. Es de justicia. Nosotros tambi\u00e9n tenemos una sencilla an\u00e9cdota como menesianos. Cada seis a\u00f1os hay una reuni\u00f3n de Hermanos, participan laicos menesianos tambi\u00e9n, que dura varias semanas. Se llama Cap\u00edtulo General y ah\u00ed se elige a nuestro \"jefe\". Un\u2026","rel":"","context":"En \u00abSin categor\u00eda\u00bb","img":{"alt_text":"","src":"https:\/\/i0.wp.com\/www.blogsmenesiano.com\/siconocierascomoteama\/wp-content\/uploads\/sites\/8\/2025\/04\/Con-el-Papa.jpg?resize=350%2C200","width":350,"height":200},"classes":[]},{"id":2099,"url":"http:\/\/www.blogsmenesiano.com\/siconocierascomoteama\/2014\/11\/14\/manual-de-vida\/","url_meta":{"origin":8991,"position":3},"title":"Manual de vida","date":"14 noviembre, 2014","format":false,"excerpt":"Os proponemos siete frases en lugar de una, elegir entre todos la que quer\u00e9is poner como m\u00e1xima para hoy y \u00a0 \u00a0 \u00a1 a intentar vivirla !","rel":"","context":"En \u00abSin categor\u00eda\u00bb","img":{"alt_text":"","src":"https:\/\/i0.wp.com\/lh5.googleusercontent.com\/-NGR3GzTM89Q\/VFSZgkB4lWI\/AAAAAAAAJNg\/0k2QDPghEok\/w444-h535-no\/MAX%2Bmanual%2Bde%2Bvida.png?resize=350%2C200&ssl=1","width":350,"height":200},"classes":[]},{"id":8809,"url":"http:\/\/www.blogsmenesiano.com\/siconocierascomoteama\/2022\/10\/17\/orar-para-no-desfallecer\/","url_meta":{"origin":8991,"position":4},"title":"ORAR PARA NO DESFALLECER","date":"17 octubre, 2022","format":false,"excerpt":"Esta ma\u00f1ana la m\u00e1xima es una oraci\u00f3n que te invitamos a escuchar... y a rezar. https:\/\/www.youtube.com\/watch?v=PxYdDct0NFU \u00a0","rel":"","context":"En \u00abQV\u00bb","img":{"alt_text":"","src":"https:\/\/i0.wp.com\/img.youtube.com\/vi\/PxYdDct0NFU\/0.jpg?resize=350%2C200","width":350,"height":200},"classes":[]},{"id":1355,"url":"http:\/\/www.blogsmenesiano.com\/siconocierascomoteama\/2014\/01\/29\/elegir-una-de-estas-frases-de-n-mandela\/","url_meta":{"origin":8991,"position":5},"title":"(elegir una de estas frases de N. Mandela)","date":"29 enero, 2014","format":false,"excerpt":"-\u00a0\"Podemos cambiar el mundo y hacer que sea un mundo mejor. Est\u00e1 en tu mano hacerlo realidad\". -\u00a0\"Detesto el racismo, porque lo veo como algo barb\u00e1rico, ya venga de un hombre negro o un hombre blanco\". -\u00a0\"Nadie nace odiando a otra persona por el color de su piel, o su\u2026","rel":"","context":"En \u00abSin categor\u00eda\u00bb","img":{"alt_text":"","src":"https:\/\/i0.wp.com\/3.bp.blogspot.com\/-tkn-NhqskJs\/UqEwVGhyvyI\/AAAAAAAALe8\/CEPKBoR54Ek\/s640\/miedo-nelson-mandela-mensajes-positivos.jpg?resize=350%2C200","width":350,"height":200},"classes":[]}],"_links":{"self":[{"href":"http:\/\/www.blogsmenesiano.com\/siconocierascomoteama\/wp-json\/wp\/v2\/posts\/8991"}],"collection":[{"href":"http:\/\/www.blogsmenesiano.com\/siconocierascomoteama\/wp-json\/wp\/v2\/posts"}],"about":[{"href":"http:\/\/www.blogsmenesiano.com\/siconocierascomoteama\/wp-json\/wp\/v2\/types\/post"}],"author":[{"embeddable":true,"href":"http:\/\/www.blogsmenesiano.com\/siconocierascomoteama\/wp-json\/wp\/v2\/users\/60"}],"replies":[{"embeddable":true,"href":"http:\/\/www.blogsmenesiano.com\/siconocierascomoteama\/wp-json\/wp\/v2\/comments?post=8991"}],"version-history":[{"count":1,"href":"http:\/\/www.blogsmenesiano.com\/siconocierascomoteama\/wp-json\/wp\/v2\/posts\/8991\/revisions"}],"predecessor-version":[{"id":8993,"href":"http:\/\/www.blogsmenesiano.com\/siconocierascomoteama\/wp-json\/wp\/v2\/posts\/8991\/revisions\/8993"}],"wp:attachment":[{"href":"http:\/\/www.blogsmenesiano.com\/siconocierascomoteama\/wp-json\/wp\/v2\/media?parent=8991"}],"wp:term":[{"taxonomy":"category","embeddable":true,"href":"http:\/\/www.blogsmenesiano.com\/siconocierascomoteama\/wp-json\/wp\/v2\/categories?post=8991"},{"taxonomy":"post_tag","embeddable":true,"href":"http:\/\/www.blogsmenesiano.com\/siconocierascomoteama\/wp-json\/wp\/v2\/tags?post=8991"}],"curies":[{"name":"wp","href":"https:\/\/api.w.org\/{rel}","templated":true}]}}