{"id":9753,"date":"2024-03-05T00:03:24","date_gmt":"2024-03-04T23:03:24","guid":{"rendered":"http:\/\/www.blogsmenesiano.com\/siconocierascomoteama\/?p=9753"},"modified":"2024-03-02T13:08:43","modified_gmt":"2024-03-02T12:08:43","slug":"conectando-personas-y-planeta","status":"publish","type":"post","link":"http:\/\/www.blogsmenesiano.com\/siconocierascomoteama\/2024\/03\/05\/conectando-personas-y-planeta\/","title":{"rendered":"Conectando personas y planeta"},"content":{"rendered":"<p><a href=\"https:\/\/i0.wp.com\/www.blogsmenesiano.com\/nolamaitezaituenjakingobazenu\/wp-content\/uploads\/sites\/9\/2024\/03\/WhatsApp-Image-2024-03-02-at-12.42.06.jpeg\"><img loading=\"lazy\" class=\"alignnone  wp-image-5468\" src=\"https:\/\/i0.wp.com\/www.blogsmenesiano.com\/nolamaitezaituenjakingobazenu\/wp-content\/uploads\/sites\/9\/2024\/03\/WhatsApp-Image-2024-03-02-at-12.42.06-300x200.jpeg?resize=465%2C310\" alt=\"\" width=\"465\" height=\"310\" data-recalc-dims=\"1\" \/><\/a><\/p>\n<p>El 3 de marzo se celebra el <strong>D\u00eda Mundial de la Vida Silvestre<\/strong><strong> (World Wildlife Day &#8211; #WWD2024)<br \/>\n<\/strong>Es una ocasi\u00f3n para celebrar la belleza y la variedad de la flora y la fauna salvajes.<br \/>\nEste d\u00eda ayuda a darnos cuenta de la multitud de beneficios que aporta la vida silvestre y de la necesidad urgente de cuidar el medio ambiente, de cuidar nuestra Casa Com\u00fan.<br \/>\nLas personas en todo el mundo dependemos de los recursos de en la vida silvestre y la biodiversidad (alimentos, medicinas, vivienda y ropa&#8230;)<br \/>\nTrabajemos juntos para cuidar los ecosistemas y las especies vegetales y animales.<\/p>\n<p>Este a\u00f1o 2024 el LEMA del <strong>D\u00eda Mundial de la Vida Silvestre<\/strong> es: <strong><em>Conectando personas y planeta: Explorando la innovaci\u00f3n digital para la conservaci\u00f3n de la vida silvestre<\/em><\/strong>.<br \/>\nVamos a ver el v\u00eddeo y despu\u00e9s podemos compartir qu\u00e9 es lo que m\u00e1s nos ha gustado\u2026<\/p>\n<div class=\"jetpack-video-wrapper\"><span class=\"embed-youtube\" style=\"text-align:center; display: block;\"><iframe loading=\"lazy\" class=\"youtube-player\" width=\"676\" height=\"381\" src=\"https:\/\/www.youtube.com\/embed\/sdqSJ7gDDmA?version=3&#038;rel=1&#038;showsearch=0&#038;showinfo=1&#038;iv_load_policy=1&#038;fs=1&#038;hl=es-ES&#038;autohide=2&#038;wmode=transparent\" allowfullscreen=\"true\" style=\"border:0;\" sandbox=\"allow-scripts allow-same-origin allow-popups allow-presentation\"><\/iframe><\/span><\/div>\n<p>&nbsp;<\/p>\n<p><strong>\u00a0<\/strong><\/p>\n<div style=\"padding-bottom:20px; padding-top:10px;\" class=\"hupso-share-buttons\"><!-- Hupso Share Buttons - https:\/\/www.hupso.com\/share\/ --><a class=\"hupso_counters\" href=\"https:\/\/www.hupso.com\/share\/\"><img src=\"https:\/\/i0.wp.com\/static.hupso.com\/share\/buttons\/lang\/es\/share-small.png?w=676\" style=\"border:0px; padding-top:2px; float:left;\" alt=\"Share Button\" data-recalc-dims=\"1\"\/><\/a><script type=\"text\/javascript\">var hupso_services_c=new Array(\"twitter\",\"facebook_like\",\"facebook_send\");var hupso_counters_lang = \"es_ES\";var hupso_image_folder_url = \"\";var hupso_url_c=\"\";var hupso_title_c=\"Conectando%20personas%20y%20planeta\";<\/script><script type=\"text\/javascript\" src=\"http:\/\/static.hupso.com\/share\/js\/counters.js\"><\/script><!-- Hupso Share Buttons --><\/div>","protected":false},"excerpt":{"rendered":"<p>El 3 de marzo se celebra el D\u00eda Mundial de la Vida Silvestre (World Wildlife Day &#8211; #WWD2024) Es una ocasi\u00f3n para celebrar la belleza y la variedad de la flora y la fauna salvajes. Este d\u00eda ayuda a darnos cuenta de la multitud de beneficios que aporta la vida silvestre y de la necesidad &hellip; <a href=\"http:\/\/www.blogsmenesiano.com\/siconocierascomoteama\/2024\/03\/05\/conectando-personas-y-planeta\/\" class=\"more-link\">Sigue leyendo <span class=\"screen-reader-text\">Conectando personas y planeta<\/span><\/a><\/p>\n<div style=\"padding-bottom:20px; padding-top:10px;\" class=\"hupso-share-buttons\"><!-- Hupso Share Buttons - https:\/\/www.hupso.com\/share\/ --><a class=\"hupso_counters\" href=\"https:\/\/www.hupso.com\/share\/\"><img src=\"http:\/\/static.hupso.com\/share\/buttons\/lang\/es\/share-small.png\" style=\"border:0px; padding-top:2px; float:left;\" alt=\"Share Button\"\/><\/a><script type=\"text\/javascript\">var hupso_services_c=new Array(\"twitter\",\"facebook_like\",\"facebook_send\");var hupso_counters_lang = \"es_ES\";var hupso_image_folder_url = \"\";var hupso_url_c=\"\";var hupso_title_c=\"Conectando%20personas%20y%20planeta\";<\/script><script type=\"text\/javascript\" src=\"http:\/\/static.hupso.com\/share\/js\/counters.js\"><\/script><!-- Hupso Share Buttons --><\/div>","protected":false},"author":60,"featured_media":0,"comment_status":"open","ping_status":"open","sticky":false,"template":"","format":"standard","meta":{"jetpack_publicize_message":"","jetpack_is_tweetstorm":false,"jetpack_publicize_feature_enabled":true},"categories":[1],"tags":[],"jetpack_publicize_connections":[],"jetpack_featured_media_url":"","jetpack_sharing_enabled":true,"jetpack_shortlink":"https:\/\/wp.me\/p3YjJm-2xj","jetpack_likes_enabled":true,"jetpack-related-posts":[{"id":10638,"url":"http:\/\/www.blogsmenesiano.com\/siconocierascomoteama\/2025\/09\/10\/conectatealavida\/","url_meta":{"origin":9753,"position":0},"title":"#conectaTEalavida","date":"10 septiembre, 2025","format":false,"excerpt":"Con\u00e9ctate a la vida \u201cCon\u00e9ctaTE a la vida\u201d es una campa\u00f1a del Tel\u00e9fono de la Esperanza con motivo del D\u00eda Mundial para la Prevenci\u00f3n del Suicidio que se celebra hoy, 10 de septiembre. Esta Asociaci\u00f3n tiene m\u00e1s de 50 a\u00f1os y trabajan en ella cientos de voluntarios que se dedican\u2026","rel":"","context":"En \u00abSin categor\u00eda\u00bb","img":{"alt_text":"","src":"https:\/\/i0.wp.com\/www.blogsmenesiano.com\/siconocierascomoteama\/wp-content\/uploads\/sites\/8\/2025\/09\/10-sep.jpeg?resize=350%2C200","width":350,"height":200},"classes":[]},{"id":608,"url":"http:\/\/www.blogsmenesiano.com\/siconocierascomoteama\/2023\/06\/06\/nos-han-regalado-todo-un-planeta-cuidemoslo\/","url_meta":{"origin":9753,"position":1},"title":"Nos han regalado todo un planeta, cuid\u00e9moslo","date":"6 junio, 2023","format":false,"excerpt":"\u00bfCual es el lugar m\u00e1s bello que conoces? \u00bfY el animal que m\u00e1s aprecias? \u00bfRecuerdas alg\u00fan paisaje o entorno especial? Pero, \u00bfSientes que el planeta es un regalo? \u00bfSientes que tienes la responsabilidad de cuidarlo? Hoy celebramos el d\u00eda mundial del medio ambiente, todo el planeta unido en una misma\u2026","rel":"","context":"Entrada similar","img":{"alt_text":"","src":"https:\/\/i0.wp.com\/img.youtube.com\/vi\/jmZybB44Hnc\/0.jpg?resize=350%2C200","width":350,"height":200},"classes":[]},{"id":5974,"url":"http:\/\/www.blogsmenesiano.com\/siconocierascomoteama\/2019\/11\/11\/que-bonito-es-saber-que-siempre-estas\/","url_meta":{"origin":9753,"position":2},"title":"Qu\u00e9 bonito es saber qu\u00e9 siempre est\u00e1s ah\u00ed","date":"11 noviembre, 2019","format":false,"excerpt":"https:\/\/www.youtube.com\/watch?v=jqDEKHwpOJ0 Tiene un ca\u00f1\u00f3n de alegr\u00eda disparando en los ojos Y todo aquel que la mira se llena de amor Es el \u00e1ngel de la guarda para los demonios Le juro que no le exagero, todo es coraz\u00f3n Tiene la vida m\u00e1s vida si la tienes cerca Es el paraguas,\u2026","rel":"","context":"En \u00abSin categor\u00eda\u00bb","img":{"alt_text":"","src":"https:\/\/i0.wp.com\/img.youtube.com\/vi\/jqDEKHwpOJ0\/0.jpg?resize=350%2C200","width":350,"height":200},"classes":[]},{"id":7517,"url":"http:\/\/www.blogsmenesiano.com\/siconocierascomoteama\/2020\/12\/01\/dia-mundial-de-la-lucha-contra-el-sida\/","url_meta":{"origin":9753,"position":3},"title":"D\u00eda Mundial de la lucha contra el SIDA","date":"1 diciembre, 2020","format":false,"excerpt":"\u00a0 \u00a0 \u00a0 El VIH contin\u00faa siendo uno de los mayores problemas para la salud p\u00fablica mundial, se ha cobrado ya casi 33 millones de vidas. Debido a las deficiencias en los servicios relacionados con el VIH, en 2019 murieron 690.000 personas por causas relacionadas con el VIH y 1,7\u2026","rel":"","context":"En \u00abSin categor\u00eda\u00bb","img":{"alt_text":"","src":"","width":0,"height":0},"classes":[]},{"id":7480,"url":"http:\/\/www.blogsmenesiano.com\/siconocierascomoteama\/2020\/11\/23\/cada-dia-a-tu-lado-juan-maria-2020\/","url_meta":{"origin":9753,"position":4},"title":"Cada d\u00eda\u2026 a tu lado\u201d Juan Mar\u00eda 2020","date":"23 noviembre, 2020","format":false,"excerpt":"\u201cHoy nace un nuevo d\u00eda, es nuestro gran regalo. Vivamos el momento, es Jes\u00fas quien va a nuestro lado. Ilusi\u00f3n renovada concebida en Mar\u00eda, una mujer valiente que con fe dio (a) luz a la Vida. Nos toca descubrir el mensaje que dio Juan Mar\u00eda: cuidar en especial a ni\u00f1os,\u2026","rel":"","context":"En \u00abSin categor\u00eda\u00bb","img":{"alt_text":"","src":"","width":0,"height":0},"classes":[]},{"id":1500,"url":"http:\/\/www.blogsmenesiano.com\/siconocierascomoteama\/2014\/03\/19\/feliz-dia-nuevo\/","url_meta":{"origin":9753,"position":5},"title":"Feliz d\u00eda nuevo","date":"19 marzo, 2014","format":false,"excerpt":"Cada d\u00eda es nuevo, pero si no lo cuidamos con esmero puede volverse una rutina vac\u00eda que nos arruina. \u00bfCual de las cosas que te propone este video vas a cuidar hoy?","rel":"","context":"En \u00abSin categor\u00eda\u00bb","img":{"alt_text":"","src":"https:\/\/i0.wp.com\/img.youtube.com\/vi\/qdNL5bS8ba8\/0.jpg?resize=350%2C200","width":350,"height":200},"classes":[]}],"_links":{"self":[{"href":"http:\/\/www.blogsmenesiano.com\/siconocierascomoteama\/wp-json\/wp\/v2\/posts\/9753"}],"collection":[{"href":"http:\/\/www.blogsmenesiano.com\/siconocierascomoteama\/wp-json\/wp\/v2\/posts"}],"about":[{"href":"http:\/\/www.blogsmenesiano.com\/siconocierascomoteama\/wp-json\/wp\/v2\/types\/post"}],"author":[{"embeddable":true,"href":"http:\/\/www.blogsmenesiano.com\/siconocierascomoteama\/wp-json\/wp\/v2\/users\/60"}],"replies":[{"embeddable":true,"href":"http:\/\/www.blogsmenesiano.com\/siconocierascomoteama\/wp-json\/wp\/v2\/comments?post=9753"}],"version-history":[{"count":1,"href":"http:\/\/www.blogsmenesiano.com\/siconocierascomoteama\/wp-json\/wp\/v2\/posts\/9753\/revisions"}],"predecessor-version":[{"id":9755,"href":"http:\/\/www.blogsmenesiano.com\/siconocierascomoteama\/wp-json\/wp\/v2\/posts\/9753\/revisions\/9755"}],"wp:attachment":[{"href":"http:\/\/www.blogsmenesiano.com\/siconocierascomoteama\/wp-json\/wp\/v2\/media?parent=9753"}],"wp:term":[{"taxonomy":"category","embeddable":true,"href":"http:\/\/www.blogsmenesiano.com\/siconocierascomoteama\/wp-json\/wp\/v2\/categories?post=9753"},{"taxonomy":"post_tag","embeddable":true,"href":"http:\/\/www.blogsmenesiano.com\/siconocierascomoteama\/wp-json\/wp\/v2\/tags?post=9753"}],"curies":[{"name":"wp","href":"https:\/\/api.w.org\/{rel}","templated":true}]}}