{"id":9758,"date":"2024-03-08T00:06:18","date_gmt":"2024-03-07T23:06:18","guid":{"rendered":"http:\/\/www.blogsmenesiano.com\/siconocierascomoteama\/?p=9758"},"modified":"2024-03-04T22:16:26","modified_gmt":"2024-03-04T21:16:26","slug":"la-igualdad-es-cosa-de-todos","status":"publish","type":"post","link":"http:\/\/www.blogsmenesiano.com\/siconocierascomoteama\/2024\/03\/08\/la-igualdad-es-cosa-de-todos\/","title":{"rendered":"La igualdad es cosa de todos"},"content":{"rendered":"<p>Hoy, <span style=\"color: #800080\"><strong>8 de marzo<\/strong><\/span>, celebramos el <strong><span style=\"color: #800080\">D\u00cdA INTERNACIONAL DE LA MUJER<\/span>.<br \/>\n<\/strong><strong><br \/>\n<\/strong>Es una jornada que nos pide reivindicar d\u00eda tras d\u00eda la igualdad, la participaci\u00f3n y el empoderamiento de la mujer en todos los \u00e1mbitos de la sociedad.<\/p>\n<p>Este d\u00eda nos ayuda a ser <span style=\"color: #800080\"><strong>CONSCIENTES<\/strong><\/span> de que a\u00fan queda mucho camino por recorrer para alcanzar la igualdad real, de que a\u00fan quedan muchas barreras, obst\u00e1culos y techos de cristal a los que ni\u00f1as y mujeres se enfrentan diariamente.<br \/>\nSin embargo, este d\u00eda tambi\u00e9n nos sirve para comprender y <span style=\"color: #800080\"><strong>COMPROMETERNOS<\/strong><\/span> con una lucha que no es cosa de un d\u00eda, sino que debe estar presente diariamente y ser una labor de todos y cada uno de nosotros.<\/p>\n<p>Ojal\u00e1 pronto no sea necesario \u00abcelebrar este d\u00eda\u00bb.<br \/>\nHasta entonces, intentemos <span style=\"color: #800080\"><strong>TRANSFORMAR<\/strong><\/span> nuestra realidad mediante peque\u00f1os gestos que nos ayuden a poner fin a todo tipo de brechas existentes entre hombres y mujeres, ni\u00f1os y ni\u00f1as. \u00bfEst\u00e1s dispuesto?<\/p>\n<p>Vemos el v\u00eddeo y despu\u00e9s podemos<strong> compartir:<br \/>\n<\/strong><em><span style=\"color: #800080\"><strong>\u00bfPor qu\u00e9 es importante celebrar este d\u00eda?<br \/>\n<\/strong><strong>\u00bfQu\u00e9 puedo hacer yo para trabajar por la igualdad?<\/strong><\/span><\/em><\/p>\n<div class=\"jetpack-video-wrapper\"><span class=\"embed-youtube\" style=\"text-align:center; display: block;\"><iframe loading=\"lazy\" class=\"youtube-player\" width=\"676\" height=\"381\" src=\"https:\/\/www.youtube.com\/embed\/vBPf9vkK8Zs?version=3&#038;rel=1&#038;showsearch=0&#038;showinfo=1&#038;iv_load_policy=1&#038;fs=1&#038;hl=es-ES&#038;autohide=2&#038;wmode=transparent\" allowfullscreen=\"true\" style=\"border:0;\" sandbox=\"allow-scripts allow-same-origin allow-popups allow-presentation\"><\/iframe><\/span><\/div>\n<p>me quiero libre, contigo:<\/p>\n<div class=\"jetpack-video-wrapper\"><span class=\"embed-youtube\" style=\"text-align:center; display: block;\"><iframe loading=\"lazy\" class=\"youtube-player\" width=\"676\" height=\"381\" src=\"https:\/\/www.youtube.com\/embed\/2hrtObEhXUg?version=3&#038;rel=1&#038;showsearch=0&#038;showinfo=1&#038;iv_load_policy=1&#038;fs=1&#038;hl=es-ES&#038;autohide=2&#038;wmode=transparent\" allowfullscreen=\"true\" style=\"border:0;\" sandbox=\"allow-scripts allow-same-origin allow-popups allow-presentation\"><\/iframe><\/span><\/div>\n<p>&nbsp;<\/p>\n<div style=\"padding-bottom:20px; padding-top:10px;\" class=\"hupso-share-buttons\"><!-- Hupso Share Buttons - https:\/\/www.hupso.com\/share\/ --><a class=\"hupso_counters\" href=\"https:\/\/www.hupso.com\/share\/\"><img src=\"https:\/\/i0.wp.com\/static.hupso.com\/share\/buttons\/lang\/es\/share-small.png?w=676\" style=\"border:0px; padding-top:2px; float:left;\" alt=\"Share Button\" data-recalc-dims=\"1\"\/><\/a><script type=\"text\/javascript\">var hupso_services_c=new Array(\"twitter\",\"facebook_like\",\"facebook_send\");var hupso_counters_lang = \"es_ES\";var hupso_image_folder_url = \"\";var hupso_url_c=\"\";var hupso_title_c=\"La%20igualdad%20es%20cosa%20de%20todos\";<\/script><script type=\"text\/javascript\" src=\"http:\/\/static.hupso.com\/share\/js\/counters.js\"><\/script><!-- Hupso Share Buttons --><\/div>","protected":false},"excerpt":{"rendered":"<p>Hoy, 8 de marzo, celebramos el D\u00cdA INTERNACIONAL DE LA MUJER. Es una jornada que nos pide reivindicar d\u00eda tras d\u00eda la igualdad, la participaci\u00f3n y el empoderamiento de la mujer en todos los \u00e1mbitos de la sociedad. Este d\u00eda nos ayuda a ser CONSCIENTES de que a\u00fan queda mucho camino por recorrer para alcanzar &hellip; <a href=\"http:\/\/www.blogsmenesiano.com\/siconocierascomoteama\/2024\/03\/08\/la-igualdad-es-cosa-de-todos\/\" class=\"more-link\">Sigue leyendo <span class=\"screen-reader-text\">La igualdad es cosa de todos<\/span><\/a><\/p>\n<div style=\"padding-bottom:20px; padding-top:10px;\" class=\"hupso-share-buttons\"><!-- Hupso Share Buttons - https:\/\/www.hupso.com\/share\/ --><a class=\"hupso_counters\" href=\"https:\/\/www.hupso.com\/share\/\"><img src=\"http:\/\/static.hupso.com\/share\/buttons\/lang\/es\/share-small.png\" style=\"border:0px; padding-top:2px; float:left;\" alt=\"Share Button\"\/><\/a><script type=\"text\/javascript\">var hupso_services_c=new Array(\"twitter\",\"facebook_like\",\"facebook_send\");var hupso_counters_lang = \"es_ES\";var hupso_image_folder_url = \"\";var hupso_url_c=\"\";var hupso_title_c=\"La%20igualdad%20es%20cosa%20de%20todos\";<\/script><script type=\"text\/javascript\" src=\"http:\/\/static.hupso.com\/share\/js\/counters.js\"><\/script><!-- Hupso Share Buttons --><\/div>","protected":false},"author":60,"featured_media":0,"comment_status":"open","ping_status":"open","sticky":false,"template":"","format":"standard","meta":{"jetpack_publicize_message":"","jetpack_is_tweetstorm":false,"jetpack_publicize_feature_enabled":true},"categories":[1],"tags":[],"jetpack_publicize_connections":[],"jetpack_featured_media_url":"","jetpack_sharing_enabled":true,"jetpack_shortlink":"https:\/\/wp.me\/p3YjJm-2xo","jetpack_likes_enabled":true,"jetpack-related-posts":[{"id":57,"url":"http:\/\/www.blogsmenesiano.com\/siconocierascomoteama\/2013\/03\/08\/dia-de-la-mujer-trabajadora-no-quiero\/","url_meta":{"origin":9758,"position":0},"title":"No quiero amar en secreto, llorar en secreto cantar en secreto.","date":"8 marzo, 2013","format":false,"excerpt":"Hoy es el d\u00eda en que las mujeres de todos los continentes, a menudo separadas por fronteras nacionales y diferencias \u00e9tnicas, ling\u00fc\u00edsticas, culturales, econ\u00f3micas y pol\u00edticas, se unen para celebrar su d\u00eda, pueden contemplar una tradici\u00f3n de \u00a0m\u00e1s de cien a\u00f1os de lucha en pro de la igualdad, la justicia,\u2026","rel":"","context":"Entrada similar","img":{"alt_text":"","src":"https:\/\/i0.wp.com\/www.blogsmenesiano.com\/siconocierascomoteama\/wp-content\/uploads\/sites\/8\/2013\/03\/8-marzo.png?resize=350%2C200","width":350,"height":200},"classes":[]},{"id":2510,"url":"http:\/\/www.blogsmenesiano.com\/siconocierascomoteama\/2015\/03\/09\/me-seguiras-amando\/","url_meta":{"origin":9758,"position":1},"title":"Me seguir\u00e1s amando","date":"9 marzo, 2015","format":false,"excerpt":"Ayer record\u00e1bamos el d\u00eda de la mujer y muchas son las propuestas que piden igualdad, reconocimiento, agradecimiento,... hacia la mujer. Ed Sheeran nos recuerda en esta canci\u00f3n algunas claves esenciales. \u00a0\u00bfQu\u00e9 canta, agradece, vive...? Por supuesto, no est\u00e1n todas las claves, pero, sin perder el tiempo en est\u00e9riles comparativas hombre-mujer\u2026","rel":"","context":"En \u00abSin categor\u00eda\u00bb","img":{"alt_text":"","src":"https:\/\/i0.wp.com\/img.youtube.com\/vi\/vOvPN9r7Qvg\/0.jpg?resize=350%2C200","width":350,"height":200},"classes":[]},{"id":6493,"url":"http:\/\/www.blogsmenesiano.com\/siconocierascomoteama\/2020\/03\/04\/generacion-igualdad\/","url_meta":{"origin":9758,"position":2},"title":"GENERACI\u00d3N IGUALDAD","date":"4 marzo, 2020","format":false,"excerpt":"\u00a0 El 2020 es el 25 aniversario de la Plataforma de Acci\u00f3n de Beijing, hoja de ruta para la concreci\u00f3n de los derechos de las mujeres y las ni\u00f1as en todo el mundo. En su mensaje para el D\u00eda Internacional de la Mujer, que se celebrar\u00e1 este 8 de marzo\u2026","rel":"","context":"En \u00abSin categor\u00eda\u00bb","img":{"alt_text":"","src":"","width":0,"height":0},"classes":[]},{"id":5578,"url":"http:\/\/www.blogsmenesiano.com\/siconocierascomoteama\/2019\/03\/06\/dia-internacional-de-la-mujer\/","url_meta":{"origin":9758,"position":3},"title":"D\u00eda Internacional de la Mujer","date":"6 marzo, 2019","format":false,"excerpt":"El LEMA para el D\u00eda Internacional de la Mujer 2019 es: Pensemos en igualdad, construyamos con inteligencia, innovemos para el cambio\u201d. El D\u00eda Internacional de la Mujer es una fecha que se celebra en muchos pa\u00edses del mundo para concienciar y trabajar por la igualdad, la justicia, la paz y\u2026","rel":"","context":"En \u00abSin categor\u00eda\u00bb","img":{"alt_text":"","src":"","width":0,"height":0},"classes":[]},{"id":7743,"url":"http:\/\/www.blogsmenesiano.com\/siconocierascomoteama\/2021\/03\/08\/generacion-igualdad-2\/","url_meta":{"origin":9758,"position":4},"title":"Generaci\u00f3n Igualdad","date":"8 marzo, 2021","format":false,"excerpt":"El 8 de marzo se celebra el D\u00eda Internacional de la Mujer. Es un buen momento para reflexionar acerca de los avances logrados, pedir m\u00e1s cambios y celebrar la valent\u00eda y la determinaci\u00f3n de las mujeres de a pie que han jugado un papel clave en la historia de sus\u2026","rel":"","context":"En \u00abSin categor\u00eda\u00bb","img":{"alt_text":"","src":"https:\/\/i0.wp.com\/img.youtube.com\/vi\/OGzRjY_CLlU\/0.jpg?resize=350%2C200","width":350,"height":200},"classes":[]},{"id":7746,"url":"http:\/\/www.blogsmenesiano.com\/siconocierascomoteama\/2021\/03\/09\/te-lo-contamos-de-otra-forma\/","url_meta":{"origin":9758,"position":5},"title":"Te lo contamos de otra forma","date":"9 marzo, 2021","format":false,"excerpt":"Desde la Confederaci\u00f3n Estatal de Mujeres Sordas (CNSE) explican por qu\u00e9 el 8 de marzo, el D\u00eda de la Mujer, es un d\u00eda importante para reivindicar la igualdad de derechos. \u00a0 Beste modu batera kontatuko dizugu. Emakume Gorren Estatuko Konfederaziotik (CNSE) azaldu dute zergatik martxoaren 8a, Emakumearen Eguna, egun garrantzitsua\u2026","rel":"","context":"En \u00abSin categor\u00eda\u00bb","img":{"alt_text":"","src":"","width":0,"height":0},"classes":[]}],"_links":{"self":[{"href":"http:\/\/www.blogsmenesiano.com\/siconocierascomoteama\/wp-json\/wp\/v2\/posts\/9758"}],"collection":[{"href":"http:\/\/www.blogsmenesiano.com\/siconocierascomoteama\/wp-json\/wp\/v2\/posts"}],"about":[{"href":"http:\/\/www.blogsmenesiano.com\/siconocierascomoteama\/wp-json\/wp\/v2\/types\/post"}],"author":[{"embeddable":true,"href":"http:\/\/www.blogsmenesiano.com\/siconocierascomoteama\/wp-json\/wp\/v2\/users\/60"}],"replies":[{"embeddable":true,"href":"http:\/\/www.blogsmenesiano.com\/siconocierascomoteama\/wp-json\/wp\/v2\/comments?post=9758"}],"version-history":[{"count":2,"href":"http:\/\/www.blogsmenesiano.com\/siconocierascomoteama\/wp-json\/wp\/v2\/posts\/9758\/revisions"}],"predecessor-version":[{"id":9777,"href":"http:\/\/www.blogsmenesiano.com\/siconocierascomoteama\/wp-json\/wp\/v2\/posts\/9758\/revisions\/9777"}],"wp:attachment":[{"href":"http:\/\/www.blogsmenesiano.com\/siconocierascomoteama\/wp-json\/wp\/v2\/media?parent=9758"}],"wp:term":[{"taxonomy":"category","embeddable":true,"href":"http:\/\/www.blogsmenesiano.com\/siconocierascomoteama\/wp-json\/wp\/v2\/categories?post=9758"},{"taxonomy":"post_tag","embeddable":true,"href":"http:\/\/www.blogsmenesiano.com\/siconocierascomoteama\/wp-json\/wp\/v2\/tags?post=9758"}],"curies":[{"name":"wp","href":"https:\/\/api.w.org\/{rel}","templated":true}]}}