{"id":9973,"date":"2024-09-11T00:01:13","date_gmt":"2024-09-10T23:01:13","guid":{"rendered":"https:\/\/www.blogsmenesiano.com\/siconocierascomoteama\/?p=9973"},"modified":"2024-06-29T22:27:59","modified_gmt":"2024-06-29T21:27:59","slug":"una-carta-para-ti","status":"publish","type":"post","link":"http:\/\/www.blogsmenesiano.com\/siconocierascomoteama\/2024\/09\/11\/una-carta-para-ti\/","title":{"rendered":"UNA CARTA PARA TI"},"content":{"rendered":"<p>En este comienzo de curso queremos haceros llegar una carta. Va dirigida a educadores y alumnos. La escribieron los delegados Menejoven en la asamblea de mayo del curso pasado para este nuevo curso:<\/p>\n<p><a href=\"https:\/\/docs.google.com\/document\/d\/1TOZ19eU_JUJcXYPaIOv1ap6PRiOgxq-pUPi_Edq0QDE\/edit?usp=sharing\">CARTA DELEGADOS MENEJOVEN<\/a><\/p>\n<p><img src=\"https:\/\/i0.wp.com\/img.freepik.com\/vector-premium\/simbolo-sobre-correo-linea-dibujo-simple-icono-negro-carta-sobre-cerrado_529923-796.jpg?w=676&#038;ssl=1\" alt=\"S\u00edmbolo de sobre de correo. L\u00ednea de dibujo simple icono negro de una carta  en un sobre cerrado. | Vector Premium\" data-recalc-dims=\"1\" \/><\/p>\n<div style=\"padding-bottom:20px; padding-top:10px;\" class=\"hupso-share-buttons\"><!-- Hupso Share Buttons - https:\/\/www.hupso.com\/share\/ --><a class=\"hupso_counters\" href=\"https:\/\/www.hupso.com\/share\/\"><img src=\"https:\/\/i0.wp.com\/static.hupso.com\/share\/buttons\/lang\/es\/share-small.png?w=676\" style=\"border:0px; padding-top:2px; float:left;\" alt=\"Share Button\" data-recalc-dims=\"1\"\/><\/a><script type=\"text\/javascript\">var hupso_services_c=new Array(\"twitter\",\"facebook_like\",\"facebook_send\");var hupso_counters_lang = \"es_ES\";var hupso_image_folder_url = \"\";var hupso_url_c=\"\";var hupso_title_c=\"UNA%20CARTA%20PARA%20TI\";<\/script><script type=\"text\/javascript\" src=\"http:\/\/static.hupso.com\/share\/js\/counters.js\"><\/script><!-- Hupso Share Buttons --><\/div>","protected":false},"excerpt":{"rendered":"<p>En este comienzo de curso queremos haceros llegar una carta. Va dirigida a educadores y alumnos. La escribieron los delegados Menejoven en la asamblea de mayo del curso pasado para este nuevo curso: CARTA DELEGADOS MENEJOVEN<\/p>\n<div style=\"padding-bottom:20px; padding-top:10px;\" class=\"hupso-share-buttons\"><!-- Hupso Share Buttons - https:\/\/www.hupso.com\/share\/ --><a class=\"hupso_counters\" href=\"https:\/\/www.hupso.com\/share\/\"><img src=\"http:\/\/static.hupso.com\/share\/buttons\/lang\/es\/share-small.png\" style=\"border:0px; padding-top:2px; float:left;\" alt=\"Share Button\"\/><\/a><script type=\"text\/javascript\">var hupso_services_c=new Array(\"twitter\",\"facebook_like\",\"facebook_send\");var hupso_counters_lang = \"es_ES\";var hupso_image_folder_url = \"\";var hupso_url_c=\"\";var hupso_title_c=\"UNA%20CARTA%20PARA%20TI\";<\/script><script type=\"text\/javascript\" src=\"http:\/\/static.hupso.com\/share\/js\/counters.js\"><\/script><!-- Hupso Share Buttons --><\/div>","protected":false},"author":60,"featured_media":0,"comment_status":"open","ping_status":"open","sticky":false,"template":"","format":"standard","meta":{"jetpack_publicize_message":"","jetpack_is_tweetstorm":false,"jetpack_publicize_feature_enabled":true},"categories":[1],"tags":[],"jetpack_publicize_connections":[],"jetpack_featured_media_url":"","jetpack_sharing_enabled":true,"jetpack_shortlink":"https:\/\/wp.me\/p3YjJm-2AR","jetpack_likes_enabled":true,"jetpack-related-posts":[{"id":3998,"url":"http:\/\/www.blogsmenesiano.com\/siconocierascomoteama\/2016\/12\/16\/delegados-menejoven\/","url_meta":{"origin":9973,"position":0},"title":"Delegados MeneJoven","date":"16 diciembre, 2016","format":false,"excerpt":"Hoy se re\u00fanen en Sto. Domingo delegados MeneJoven de todos los colegios Menesianos de Espa\u00f1a para compartir, pensar ideas, hacer propuestas... Representan a todas las clases de secundaria, les tenemos muy presentes y agradecemos su compromiso e ilusi\u00f3n recordando el encuentro del curso anterior: https:\/\/www.youtube.com\/watch?v=atkGYezjPzg INFORMACI\u00d3N IMPORTANTE PARA BACHILLERATO https:\/\/www.youtube.com\/watch?v=4qJ-FE6_XMQ","rel":"","context":"En \u00abSin categor\u00eda\u00bb","img":{"alt_text":"","src":"https:\/\/i0.wp.com\/img.youtube.com\/vi\/atkGYezjPzg\/0.jpg?resize=350%2C200","width":350,"height":200},"classes":[]},{"id":3473,"url":"http:\/\/www.blogsmenesiano.com\/siconocierascomoteama\/2016\/04\/12\/atencion-profes\/","url_meta":{"origin":9973,"position":1},"title":"Atenci\u00f3n PROFES","date":"12 abril, 2016","format":false,"excerpt":"En el encuentro de delegados MeneJoven del 18 y 19 de diciembre uno de los puntos que trabajamos fue \"las m\u00e1ximas\". \u00a0Es una de las tareas en las que suelen colaborar los delegados: sugiriendo, recordando, dirigiendo, ayudando... Escuchemos la carta que dirigen a los profesores: \u00a0 Esto es una carta\u2026","rel":"","context":"En \u00abSin categor\u00eda\u00bb","img":{"alt_text":"","src":"https:\/\/i0.wp.com\/img.youtube.com\/vi\/atkGYezjPzg\/0.jpg?resize=350%2C200","width":350,"height":200},"classes":[]},{"id":8497,"url":"http:\/\/www.blogsmenesiano.com\/siconocierascomoteama\/2022\/04\/05\/menejoven-encuentro22-vamos-a-cambiar-el-mundo\/","url_meta":{"origin":9973,"position":2},"title":"#MeneJoven ENCUENTRO\u00b422 &#8211; Vamos a cambiar el mundo","date":"5 abril, 2022","format":false,"excerpt":"Este jueves y viernes los delegados MJ de los centros Menesianos de Espa\u00f1a se reunieron para seguir prepar\u00e1ndose y dando ideas!! nos han dejado una canci\u00f3n: https:\/\/www.youtube.com\/watch?v=X0sBgcTBfUg","rel":"","context":"En \u00abSin categor\u00eda\u00bb","img":{"alt_text":"","src":"https:\/\/i0.wp.com\/img.youtube.com\/vi\/X0sBgcTBfUg\/0.jpg?resize=350%2C200","width":350,"height":200},"classes":[]},{"id":3163,"url":"http:\/\/www.blogsmenesiano.com\/siconocierascomoteama\/2015\/12\/22\/3163\/","url_meta":{"origin":9973,"position":3},"title":"Te regalo lo que necesitas","date":"22 diciembre, 2015","format":false,"excerpt":"Este ni\u00f1o parece que es capaz de comprender las necesidades de los dem\u00e1s y luchar por su felicidad. (Propuesta en el encuentro de delegados MeneJoven de diciembre\u00b415). https:\/\/www.youtube.com\/watch?v=iccscUFY860","rel":"","context":"En \u00abSin categor\u00eda\u00bb","img":{"alt_text":"","src":"https:\/\/i0.wp.com\/img.youtube.com\/vi\/iccscUFY860\/0.jpg?resize=350%2C200","width":350,"height":200},"classes":[]},{"id":3218,"url":"http:\/\/www.blogsmenesiano.com\/siconocierascomoteama\/2016\/01\/16\/comunion-enero16\/","url_meta":{"origin":9973,"position":4},"title":"Comuni\u00f3n Enero\u00b416","date":"16 enero, 2016","format":false,"excerpt":"Revista comuni\u00f3n Enero\u00b416 \u00a0 \u00a0LINK.","rel":"","context":"En \u00abSin categor\u00eda\u00bb","img":{"alt_text":"DELEGADOS MENEJOVEN","src":"https:\/\/scontent.cdninstagram.com\/hphotos-xaf1\/t51.2885-15\/s640x640\/sh0.08\/e35\/12345881_782395935223450_676010221_n.jpg","width":350,"height":200},"classes":[]},{"id":6282,"url":"http:\/\/www.blogsmenesiano.com\/siconocierascomoteama\/2019\/12\/20\/esta-navidad-no-te-pierdas-lo-importante\/","url_meta":{"origin":9973,"position":5},"title":"Esta Navidad no te pierdas lo importante&#8230;","date":"20 diciembre, 2019","format":false,"excerpt":"Esta m\u00e1xima se acord\u00f3 en el Encuentro de Delegados MeneJoven del 12 y 13 de diciembre en Nanclares. No te pierdas este otro v\u00eddeo: Las grandes experiencias de la vida son un regalo","rel":"","context":"En \u00abSin categor\u00eda\u00bb","img":{"alt_text":"","src":"","width":0,"height":0},"classes":[]}],"_links":{"self":[{"href":"http:\/\/www.blogsmenesiano.com\/siconocierascomoteama\/wp-json\/wp\/v2\/posts\/9973"}],"collection":[{"href":"http:\/\/www.blogsmenesiano.com\/siconocierascomoteama\/wp-json\/wp\/v2\/posts"}],"about":[{"href":"http:\/\/www.blogsmenesiano.com\/siconocierascomoteama\/wp-json\/wp\/v2\/types\/post"}],"author":[{"embeddable":true,"href":"http:\/\/www.blogsmenesiano.com\/siconocierascomoteama\/wp-json\/wp\/v2\/users\/60"}],"replies":[{"embeddable":true,"href":"http:\/\/www.blogsmenesiano.com\/siconocierascomoteama\/wp-json\/wp\/v2\/comments?post=9973"}],"version-history":[{"count":1,"href":"http:\/\/www.blogsmenesiano.com\/siconocierascomoteama\/wp-json\/wp\/v2\/posts\/9973\/revisions"}],"predecessor-version":[{"id":9974,"href":"http:\/\/www.blogsmenesiano.com\/siconocierascomoteama\/wp-json\/wp\/v2\/posts\/9973\/revisions\/9974"}],"wp:attachment":[{"href":"http:\/\/www.blogsmenesiano.com\/siconocierascomoteama\/wp-json\/wp\/v2\/media?parent=9973"}],"wp:term":[{"taxonomy":"category","embeddable":true,"href":"http:\/\/www.blogsmenesiano.com\/siconocierascomoteama\/wp-json\/wp\/v2\/categories?post=9973"},{"taxonomy":"post_tag","embeddable":true,"href":"http:\/\/www.blogsmenesiano.com\/siconocierascomoteama\/wp-json\/wp\/v2\/tags?post=9973"}],"curies":[{"name":"wp","href":"https:\/\/api.w.org\/{rel}","templated":true}]}}