{"id":10104,"date":"2024-10-22T00:01:52","date_gmt":"2024-10-21T23:01:52","guid":{"rendered":"http:\/\/www.blogsmenesiano.com\/siconocierascomoteama\/?p=10104"},"modified":"2024-10-10T16:26:20","modified_gmt":"2024-10-10T15:26:20","slug":"con-cabeza-coraje-y-corazon","status":"publish","type":"post","link":"https:\/\/www.blogsmenesiano.com\/siconocierascomoteama\/2024\/10\/22\/con-cabeza-coraje-y-corazon\/","title":{"rendered":"CON CABEZA, CORAJE Y CORAZ\u00d3N"},"content":{"rendered":"<p>\u00abMe critican mucho&#8230; pero todo eso negativo\u00bb<\/p>\n<div class=\"jetpack-video-wrapper\"><span class=\"embed-youtube\" style=\"text-align:center; display: block;\"><iframe loading=\"lazy\" class=\"youtube-player\" width=\"676\" height=\"381\" src=\"https:\/\/www.youtube.com\/embed\/qzuzf53IlzU?version=3&#038;rel=1&#038;showsearch=0&#038;showinfo=1&#038;iv_load_policy=1&#038;fs=1&#038;hl=es-ES&#038;autohide=2&#038;wmode=transparent\" allowfullscreen=\"true\" style=\"border:0;\" sandbox=\"allow-scripts allow-same-origin allow-popups allow-presentation\"><\/iframe><\/span><\/div>\n<div style=\"padding-bottom:20px; padding-top:10px;\" class=\"hupso-share-buttons\"><!-- Hupso Share Buttons - https:\/\/www.hupso.com\/share\/ --><a class=\"hupso_counters\" href=\"https:\/\/www.hupso.com\/share\/\"><img src=\"https:\/\/i0.wp.com\/static.hupso.com\/share\/buttons\/lang\/es\/share-small.png?w=676&#038;ssl=1\" style=\"border:0px; padding-top:2px; float:left;\" alt=\"Share Button\" data-recalc-dims=\"1\"\/><\/a><script type=\"text\/javascript\">var hupso_services_c=new Array(\"twitter\",\"facebook_like\",\"facebook_send\");var hupso_counters_lang = \"es_ES\";var hupso_image_folder_url = \"\";var hupso_url_c=\"\";var hupso_title_c=\"CON%20CABEZA%2C%20CORAJE%20Y%20CORAZ%C3%93N\";<\/script><script type=\"text\/javascript\" src=\"https:\/\/static.hupso.com\/share\/js\/counters.js\"><\/script><!-- Hupso Share Buttons --><\/div>","protected":false},"excerpt":{"rendered":"<p>\u00abMe critican mucho&#8230; pero todo eso negativo\u00bb<\/p>\n<div style=\"padding-bottom:20px; padding-top:10px;\" class=\"hupso-share-buttons\"><!-- Hupso Share Buttons - https:\/\/www.hupso.com\/share\/ --><a class=\"hupso_counters\" href=\"https:\/\/www.hupso.com\/share\/\"><img src=\"https:\/\/static.hupso.com\/share\/buttons\/lang\/es\/share-small.png\" style=\"border:0px; padding-top:2px; float:left;\" alt=\"Share Button\"\/><\/a><script type=\"text\/javascript\">var hupso_services_c=new Array(\"twitter\",\"facebook_like\",\"facebook_send\");var hupso_counters_lang = \"es_ES\";var hupso_image_folder_url = \"\";var hupso_url_c=\"\";var hupso_title_c=\"CON%20CABEZA%2C%20CORAJE%20Y%20CORAZ%C3%93N\";<\/script><script type=\"text\/javascript\" src=\"https:\/\/static.hupso.com\/share\/js\/counters.js\"><\/script><!-- Hupso Share Buttons --><\/div>","protected":false},"author":60,"featured_media":0,"comment_status":"open","ping_status":"open","sticky":false,"template":"","format":"standard","meta":{"jetpack_publicize_message":"","jetpack_is_tweetstorm":false,"jetpack_publicize_feature_enabled":true},"categories":[1],"tags":[],"jetpack_publicize_connections":[],"jetpack_featured_media_url":"","jetpack_sharing_enabled":true,"jetpack_shortlink":"https:\/\/wp.me\/p3YjJm-2CY","jetpack_likes_enabled":true,"jetpack-related-posts":[{"id":6884,"url":"https:\/\/www.blogsmenesiano.com\/siconocierascomoteama\/2020\/05\/06\/6884\/","url_meta":{"origin":10104,"position":0},"title":"El aire del Esp\u00edritu","date":"6 mayo, 2020","format":false,"excerpt":"En casa con Mar\u00eda 6 mayo:\u00a0Madre generosa \"Mar\u00eda no tuvo m\u00e1s coraz\u00f3n ni m\u00e1s vida que la de Jes\u00fas. Una vida y un coraz\u00f3n humanos, pero de Jes\u00fas. \u00bfPodemos nosotros amar y entregarnos\u00a0 como Mar\u00eda? M\u00e1xima para Primaria\u00a0 \u00a0 ENLACE M\u00e1xima ESO-BACH Esta canci\u00f3n es para animarte a permanecer en\u2026","rel":"","context":"En \u00abSin categor\u00eda\u00bb","img":{"alt_text":"","src":"https:\/\/i0.wp.com\/www.blogsmenesiano.com\/siconocierascomoteama\/wp-content\/uploads\/sites\/8\/2020\/05\/Mar%C3%ADa-pintura.jpeg?resize=350%2C200","width":350,"height":200},"classes":[]},{"id":3494,"url":"https:\/\/www.blogsmenesiano.com\/siconocierascomoteama\/2016\/04\/11\/el-corazon-tiene-palabras-que-la-razon-no-entiende\/","url_meta":{"origin":10104,"position":1},"title":"El coraz\u00f3n tiene palabras que la raz\u00f3n no entiende","date":"11 abril, 2016","format":false,"excerpt":"El que se sab\u00eda m\u00e1s amado fue el primero en darse cuenta de que Jes\u00fas, vivo y resucitado, estaba a su lado. Encontrarse con Jes\u00fas no es cuesti\u00f3n de entender, es algo poco l\u00f3gico, es cuesti\u00f3n de sentirse amado, sentirse amado con un amor tan fuerte que disipa las dudas\u2026","rel":"","context":"En \u00abSin categor\u00eda\u00bb","img":{"alt_text":"","src":"https:\/\/i0.wp.com\/img.youtube.com\/vi\/zpG9mmNzdVc\/0.jpg?resize=350%2C200","width":350,"height":200},"classes":[]},{"id":3213,"url":"https:\/\/www.blogsmenesiano.com\/siconocierascomoteama\/2016\/01\/12\/vino-para-quedarse\/","url_meta":{"origin":10104,"position":2},"title":"Vino para quedarse","date":"12 enero, 2016","format":false,"excerpt":"Pasaron las vacaciones navide\u00f1as, pas\u00f3 el descanso, el tiempo de ocio... pero lo que en esos d\u00edas hemos celebrado, vivido, agradecido,... eso queda en nosotros, en nuestro recuerdo, en nuestro coraz\u00f3n. Hemos festejado que Dios viene para quedarse con nosotros, el a\u00f1o comienza, el curso contin\u00faa, pero la certeza de\u2026","rel":"","context":"En \u00abSin categor\u00eda\u00bb","img":{"alt_text":"","src":"https:\/\/i0.wp.com\/img.youtube.com\/vi\/7moSqlj4qno\/0.jpg?resize=350%2C200","width":350,"height":200},"classes":[]},{"id":7368,"url":"https:\/\/www.blogsmenesiano.com\/siconocierascomoteama\/2020\/10\/26\/conchita-el-viaje\/","url_meta":{"origin":10104,"position":3},"title":"Conchita &#8211; El Viaje","date":"26 octubre, 2020","format":false,"excerpt":"La raz\u00f3n de El Viaje: \"El verano del 2018 me lo pas\u00e9 en neonatos. All\u00ed aprend\u00ed muchas cosas. Casi todas las que realmente son importantes. En este v\u00eddeo aparecen algunos de esos muchos grandes luchadores, beb\u00e9s que nacieron demasiado pronto pero que se agarraron fuerte a la vida y han\u2026","rel":"","context":"En \u00abSin categor\u00eda\u00bb","img":{"alt_text":"","src":"","width":0,"height":0},"classes":[]},{"id":1272,"url":"https:\/\/www.blogsmenesiano.com\/siconocierascomoteama\/2024\/01\/09\/2014-aun-no-existo-tu-me-vas-a-crear\/","url_meta":{"origin":10104,"position":4},"title":"2024  A\u00fan no existo, \u00a1T\u00fa me vas a crear!","date":"9 enero, 2024","format":false,"excerpt":"S\u00ed, llevo mucho tiempo esperando este turno\u00a0para encontrarme contigo. A\u00fan no existo,\u00a0\u00a1T\u00fa me vas a crear! Me dar\u00e1s vida con tus proyectos,\u00a0tus pensamientos, tus palabras, tus sentimientos,\u00a0pero sobre todo, con lo que eres, s\u00f3lo con existir. Me llamo\" 2024\" aunque todos me conocen con el\u00a0poco original nombre de \"El a\u00f1o\u2026","rel":"","context":"En \u00abSin categor\u00eda\u00bb","img":{"alt_text":"","src":"","width":0,"height":0},"classes":[]},{"id":6821,"url":"https:\/\/www.blogsmenesiano.com\/siconocierascomoteama\/2020\/04\/29\/gracias-por-cuidarnos-con-tanto-amor\/","url_meta":{"origin":10104,"position":5},"title":"Gracias por cuidarnos con tanto amor","date":"29 abril, 2020","format":false,"excerpt":"M\u00c1XIMA PRIMARIA:\u00a0 \u00a0 FAMILIAS y ESO-BACHILLERATO: En Casa con Jes\u00fas y Juan Mar\u00eda\u00a0\u00a0(H. Jos\u00e9 Antonio Vivas).\u00a0 MI\u00c9RCOLES 29 De parte de todos los ni\u00f1os: gracias a nuestras familias por cuidarnos, a todos los trabajadores que hicieron que no nos faltara de nada. Gracias a nuestros maestros, que mantuvieron la educaci\u00f3n\u2026","rel":"","context":"En \u00abSin categor\u00eda\u00bb","img":{"alt_text":"","src":"","width":0,"height":0},"classes":[]}],"_links":{"self":[{"href":"https:\/\/www.blogsmenesiano.com\/siconocierascomoteama\/wp-json\/wp\/v2\/posts\/10104"}],"collection":[{"href":"https:\/\/www.blogsmenesiano.com\/siconocierascomoteama\/wp-json\/wp\/v2\/posts"}],"about":[{"href":"https:\/\/www.blogsmenesiano.com\/siconocierascomoteama\/wp-json\/wp\/v2\/types\/post"}],"author":[{"embeddable":true,"href":"https:\/\/www.blogsmenesiano.com\/siconocierascomoteama\/wp-json\/wp\/v2\/users\/60"}],"replies":[{"embeddable":true,"href":"https:\/\/www.blogsmenesiano.com\/siconocierascomoteama\/wp-json\/wp\/v2\/comments?post=10104"}],"version-history":[{"count":1,"href":"https:\/\/www.blogsmenesiano.com\/siconocierascomoteama\/wp-json\/wp\/v2\/posts\/10104\/revisions"}],"predecessor-version":[{"id":10105,"href":"https:\/\/www.blogsmenesiano.com\/siconocierascomoteama\/wp-json\/wp\/v2\/posts\/10104\/revisions\/10105"}],"wp:attachment":[{"href":"https:\/\/www.blogsmenesiano.com\/siconocierascomoteama\/wp-json\/wp\/v2\/media?parent=10104"}],"wp:term":[{"taxonomy":"category","embeddable":true,"href":"https:\/\/www.blogsmenesiano.com\/siconocierascomoteama\/wp-json\/wp\/v2\/categories?post=10104"},{"taxonomy":"post_tag","embeddable":true,"href":"https:\/\/www.blogsmenesiano.com\/siconocierascomoteama\/wp-json\/wp\/v2\/tags?post=10104"}],"curies":[{"name":"wp","href":"https:\/\/api.w.org\/{rel}","templated":true}]}}