{"id":10413,"date":"2025-03-17T00:01:19","date_gmt":"2025-03-16T23:01:19","guid":{"rendered":"http:\/\/www.blogsmenesiano.com\/siconocierascomoteama\/?p=10413"},"modified":"2025-03-16T11:03:58","modified_gmt":"2025-03-16T10:03:58","slug":"solo-cree","status":"publish","type":"post","link":"https:\/\/www.blogsmenesiano.com\/siconocierascomoteama\/2025\/03\/17\/solo-cree\/","title":{"rendered":"GASTAR LA VIDA POR LOS DEM\u00c1S"},"content":{"rendered":"<div class=\"jetpack-video-wrapper\"><span class=\"embed-youtube\" style=\"text-align:center; display: block;\"><iframe loading=\"lazy\" class=\"youtube-player\" width=\"676\" height=\"381\" src=\"https:\/\/www.youtube.com\/embed\/JrTqteAm9gQ?version=3&#038;rel=1&#038;showsearch=0&#038;showinfo=1&#038;iv_load_policy=1&#038;fs=1&#038;hl=es-ES&#038;autohide=2&#038;wmode=transparent\" allowfullscreen=\"true\" style=\"border:0;\" sandbox=\"allow-scripts allow-same-origin allow-popups allow-presentation\"><\/iframe><\/span><\/div>\n<p>GASTAR LA VIDA Letra \u00a9 Luis Espinal. M\u00fasica \u00a9 Enric Puiggr\u00f2s.<br \/>\nOh, Se\u00f1or Jes\u00fas, nos da miedo dar la vida, pero la vida, t\u00fa nos la has dado para darla.<br \/>\nNo para economizar en est\u00e9ril ego\u00edsmo.<br \/>\nGastar la vida es trabajar por otros aunque nunca nos paguen ni un favor que no nos devolver\u00e1n.<br \/>\nGastar la vida es lanzarse y aun fracasar.<br \/>\nGastar la vida es tal vez quemar las naves por la gente.<br \/>\nLa vida nunca se da con protagonismos, ni falsa teatralidad.<br \/>\nSe da la vida con sencillez y sin publicidad, como agua del manantial y la madre que amamanta a su beb\u00e9, como suda el labrador.<br \/>\nEl futuro es un enigma, se funde en la niebla.<br \/>\nPorque en la noche tu est\u00e1s, sin dormir.<br \/>\nDerramas miles de l\u00e1grimas, sin dormir.<br \/>\nPorque en la noche tu est\u00e1s.<br \/>\nPorque en la noche tu est\u00e1s, sin dormir.<br \/>\nDerramas miles de l\u00e1grimas, sin dormir.<br \/>\nPorque en la noche tu est\u00e1s.<\/p>\n<div style=\"padding-bottom:20px; padding-top:10px;\" class=\"hupso-share-buttons\"><!-- Hupso Share Buttons - https:\/\/www.hupso.com\/share\/ --><a class=\"hupso_counters\" href=\"https:\/\/www.hupso.com\/share\/\"><img src=\"https:\/\/i0.wp.com\/static.hupso.com\/share\/buttons\/lang\/es\/share-small.png?w=676&#038;ssl=1\" style=\"border:0px; padding-top:2px; float:left;\" alt=\"Share Button\" data-recalc-dims=\"1\"\/><\/a><script type=\"text\/javascript\">var hupso_services_c=new Array(\"twitter\",\"facebook_like\",\"facebook_send\");var hupso_counters_lang = \"es_ES\";var hupso_image_folder_url = \"\";var hupso_url_c=\"\";var hupso_title_c=\"GASTAR%20LA%20VIDA%20POR%20LOS%20DEM%C3%81S\";<\/script><script type=\"text\/javascript\" src=\"https:\/\/static.hupso.com\/share\/js\/counters.js\"><\/script><!-- Hupso Share Buttons --><\/div>","protected":false},"excerpt":{"rendered":"<p>GASTAR LA VIDA Letra \u00a9 Luis Espinal. M\u00fasica \u00a9 Enric Puiggr\u00f2s. Oh, Se\u00f1or Jes\u00fas, nos da miedo dar la vida, pero la vida, t\u00fa nos la has dado para darla. No para economizar en est\u00e9ril ego\u00edsmo. Gastar la vida es trabajar por otros aunque nunca nos paguen ni un favor que no nos devolver\u00e1n. Gastar &hellip; <a href=\"https:\/\/www.blogsmenesiano.com\/siconocierascomoteama\/2025\/03\/17\/solo-cree\/\" class=\"more-link\">Sigue leyendo <span class=\"screen-reader-text\">GASTAR LA VIDA POR LOS DEM\u00c1S<\/span><\/a><\/p>\n<div style=\"padding-bottom:20px; padding-top:10px;\" class=\"hupso-share-buttons\"><!-- Hupso Share Buttons - https:\/\/www.hupso.com\/share\/ --><a class=\"hupso_counters\" href=\"https:\/\/www.hupso.com\/share\/\"><img src=\"https:\/\/static.hupso.com\/share\/buttons\/lang\/es\/share-small.png\" style=\"border:0px; padding-top:2px; float:left;\" alt=\"Share Button\"\/><\/a><script type=\"text\/javascript\">var hupso_services_c=new Array(\"twitter\",\"facebook_like\",\"facebook_send\");var hupso_counters_lang = \"es_ES\";var hupso_image_folder_url = \"\";var hupso_url_c=\"\";var hupso_title_c=\"GASTAR%20LA%20VIDA%20POR%20LOS%20DEM%C3%81S\";<\/script><script type=\"text\/javascript\" src=\"https:\/\/static.hupso.com\/share\/js\/counters.js\"><\/script><!-- Hupso Share Buttons --><\/div>","protected":false},"author":60,"featured_media":0,"comment_status":"open","ping_status":"open","sticky":false,"template":"","format":"standard","meta":{"jetpack_publicize_message":"","jetpack_is_tweetstorm":false,"jetpack_publicize_feature_enabled":true},"categories":[1],"tags":[],"jetpack_publicize_connections":[],"jetpack_featured_media_url":"","jetpack_sharing_enabled":true,"jetpack_shortlink":"https:\/\/wp.me\/p3YjJm-2HX","jetpack_likes_enabled":true,"jetpack-related-posts":[{"id":4413,"url":"https:\/\/www.blogsmenesiano.com\/siconocierascomoteama\/2018\/03\/02\/no-culpes-a-nadie\/","url_meta":{"origin":10413,"position":0},"title":"No culpes a nadie","date":"2 marzo, 2018","format":false,"excerpt":"A veces nos resulta m\u00e1s c\u00f3modo echar balones fuera, hacer responsable de nuestros males a... e incluso podamos tener algo de raz\u00f3n, pero \u00bfpara qu\u00e9 nos vale? \u00bfqu\u00e9 nos aporta tener raz\u00f3n?. Este precioso poema an\u00f3nimo (falsamente circula como de Pablo Neruda) nos da pistas muy interesantes, buen d\u00eda, que\u2026","rel":"","context":"En \u00abSin categor\u00eda\u00bb","img":{"alt_text":"","src":"","width":0,"height":0},"classes":[]},{"id":2025,"url":"https:\/\/www.blogsmenesiano.com\/siconocierascomoteama\/2014\/10\/24\/2025\/","url_meta":{"origin":10413,"position":1},"title":"Si la tienes comp\u00e1rtela","date":"24 octubre, 2014","format":false,"excerpt":"Shotta \u00ad Felicidad (Con morodo) Nadie es feliz para siempre\u00a0aprovecha tu presente\u00a0felicidad intermitente Eres la sique m\u00e1s bonita que uno puede tener eres la chica m\u00e1s cara y m\u00e1s mala, ve tu a saber si cuando vienes, vienes de verdad o de broma, no se a todas horas y a\u2026","rel":"","context":"En \u00abSin categor\u00eda\u00bb","img":{"alt_text":"","src":"https:\/\/i0.wp.com\/img.youtube.com\/vi\/Vvhz8dWuqsM\/0.jpg?resize=350%2C200","width":350,"height":200},"classes":[]},{"id":6124,"url":"https:\/\/www.blogsmenesiano.com\/siconocierascomoteama\/2019\/10\/22\/aunque-es-de-noche\/","url_meta":{"origin":10413,"position":2},"title":"AUNQUE ES DE NOCHE","date":"22 octubre, 2019","format":false,"excerpt":"Alguna vez has sentido que tu vida o la de alguna persona conocida se volv\u00eda oscura como la noche m\u00e1s oscura. En 1578, tras meses encarcelado en el hueco de una pared, sin apenas luz, ni aire...\u00a0 cuando por fin le dieron algo para escribir,\u00a0 S. Juan de la Cruz\u2026","rel":"","context":"En \u00abSin categor\u00eda\u00bb","img":{"alt_text":"","src":"https:\/\/i0.wp.com\/www.blogsmenesiano.com\/siconocierascomoteama\/wp-content\/uploads\/sites\/8\/2019\/10\/Captura-de-Pantalla-2022-10-18-a-las-23.50.25.png?resize=350%2C200","width":350,"height":200},"classes":[]},{"id":2067,"url":"https:\/\/www.blogsmenesiano.com\/siconocierascomoteama\/2014\/11\/03\/sonados-por-dios-volveremos-a-su-abrazo\/","url_meta":{"origin":10413,"position":3},"title":"So\u00f1ados por Dios, volveremos a su abrazo.","date":"3 noviembre, 2014","format":false,"excerpt":"Anteayer fue el d\u00eda de todos los santos y ayer record\u00e1bamos a los difuntos. Quiz\u00e1 no has celebrado estas fechas, o quiz\u00e1 estos d\u00edas te han servido para recordar a alguna persona que fue muy importante en tu vida. (Podemos recordar alg\u00fan rostro, alg\u00fan nombre...) De vida nos habla este\u2026","rel":"","context":"En \u00abSin categor\u00eda\u00bb","img":{"alt_text":"","src":"https:\/\/i0.wp.com\/img.youtube.com\/vi\/Q-uCLXzl7TQ\/0.jpg?resize=350%2C200","width":350,"height":200},"classes":[]},{"id":6420,"url":"https:\/\/www.blogsmenesiano.com\/siconocierascomoteama\/2020\/02\/24\/paradoja\/","url_meta":{"origin":10413,"position":4},"title":"PARADOJA","date":"24 febrero, 2020","format":false,"excerpt":"Paradoja es una canci\u00f3n de Mart\u00edn Valverde, recogida en su disco: \u201c\u00cdntimo\u201d. Mart\u00edn es un cantautor cristiano que naci\u00f3 en San Jos\u00e9 (Costa Rica). Se educ\u00f3 con los salesianos. Ahora vive en M\u00e9xico y colabora en la capacitaci\u00f3n de m\u00fasicos para la evangelizaci\u00f3n y en la formaci\u00f3n de l\u00edderes juveniles\u2026","rel":"","context":"En \u00abSin categor\u00eda\u00bb","img":{"alt_text":"","src":"","width":0,"height":0},"classes":[]},{"id":6490,"url":"https:\/\/www.blogsmenesiano.com\/siconocierascomoteama\/2020\/03\/03\/carpe-diem-walt-whitman\/","url_meta":{"origin":10413,"position":5},"title":"CARPE DIEM (Walt Whitman)","date":"3 marzo, 2020","format":false,"excerpt":"No dejes que termine el d\u00eda sin haber crecido un poco, sin haber sido un poco m\u00e1s feliz, sin haber alimentado tus sue\u00f1os. No te dejes vencer por el desaliento. No permitas que nadie te quite el derecho de expresarte que es casi un deber. No abandones tus ansias de\u2026","rel":"","context":"En \u00abSin categor\u00eda\u00bb","img":{"alt_text":"","src":"","width":0,"height":0},"classes":[]}],"_links":{"self":[{"href":"https:\/\/www.blogsmenesiano.com\/siconocierascomoteama\/wp-json\/wp\/v2\/posts\/10413"}],"collection":[{"href":"https:\/\/www.blogsmenesiano.com\/siconocierascomoteama\/wp-json\/wp\/v2\/posts"}],"about":[{"href":"https:\/\/www.blogsmenesiano.com\/siconocierascomoteama\/wp-json\/wp\/v2\/types\/post"}],"author":[{"embeddable":true,"href":"https:\/\/www.blogsmenesiano.com\/siconocierascomoteama\/wp-json\/wp\/v2\/users\/60"}],"replies":[{"embeddable":true,"href":"https:\/\/www.blogsmenesiano.com\/siconocierascomoteama\/wp-json\/wp\/v2\/comments?post=10413"}],"version-history":[{"count":4,"href":"https:\/\/www.blogsmenesiano.com\/siconocierascomoteama\/wp-json\/wp\/v2\/posts\/10413\/revisions"}],"predecessor-version":[{"id":10417,"href":"https:\/\/www.blogsmenesiano.com\/siconocierascomoteama\/wp-json\/wp\/v2\/posts\/10413\/revisions\/10417"}],"wp:attachment":[{"href":"https:\/\/www.blogsmenesiano.com\/siconocierascomoteama\/wp-json\/wp\/v2\/media?parent=10413"}],"wp:term":[{"taxonomy":"category","embeddable":true,"href":"https:\/\/www.blogsmenesiano.com\/siconocierascomoteama\/wp-json\/wp\/v2\/categories?post=10413"},{"taxonomy":"post_tag","embeddable":true,"href":"https:\/\/www.blogsmenesiano.com\/siconocierascomoteama\/wp-json\/wp\/v2\/tags?post=10413"}],"curies":[{"name":"wp","href":"https:\/\/api.w.org\/{rel}","templated":true}]}}